{"id":796,"date":"2023-02-09T13:09:35","date_gmt":"2023-02-09T12:09:35","guid":{"rendered":"https:\/\/www.hlwest.at\/replay\/?p=796"},"modified":"2023-02-09T13:20:20","modified_gmt":"2023-02-09T12:20:20","slug":"absolventinnen-informieren-am-tag-der-offenen-tuer","status":"publish","type":"post","link":"https:\/\/www.hlwest.at\/replay\/absolventinnen-informieren-am-tag-der-offenen-tuer\/","title":{"rendered":"Absolvent:innen informieren am Tag der offenen T\u00fcr"},"content":{"rendered":"\t\t<div data-elementor-type=\"wp-post\" data-elementor-id=\"796\" class=\"elementor elementor-796\">\n\t\t\t\t\t\t<section class=\"elementor-section elementor-top-section elementor-element elementor-element-204b40e elementor-section-boxed elementor-section-height-default elementor-section-height-default\" data-id=\"204b40e\" data-element_type=\"section\">\n\t\t\t\t\t\t<div class=\"elementor-container elementor-column-gap-default\">\n\t\t\t\t\t<div class=\"elementor-column elementor-col-100 elementor-top-column elementor-element elementor-element-39645f1d\" data-id=\"39645f1d\" data-element_type=\"column\">\n\t\t\t<div class=\"elementor-widget-wrap elementor-element-populated\">\n\t\t\t\t\t\t<div class=\"elementor-element elementor-element-3b7216bf elementor-widget elementor-widget-text-editor\" data-id=\"3b7216bf\" data-element_type=\"widget\" data-widget_type=\"text-editor.default\">\n\t\t\t\t<div class=\"elementor-widget-container\">\n\t\t\t\t\t\t\t\t\t<p>Nach zweij\u00e4hriger Pause konnte in diesem Jahr endlich der Tag der offenen T\u00fcr an der HLWest wieder in Pr\u00e4senz abgehalten werden. Auch hier war unser Verein stark vertreten. Dank der Mithilfe von zw\u00f6lf Mitgliedern war unser \u201eStand\u201c st\u00e4ndig mit drei und mehr Vertreter:innen besetzt, die den zuk\u00fcnftigen Sch\u00fcler:innen und deren Eltern von ihren Erfahrungen und Erlebnissen nach der Zeit an der HLWest berichteten.<\/p><p><strong>Vielen Dank an alle, die mitgemacht haben!\u00a0<\/strong><\/p><p>Gerade die Mischung von noch jungen Absolvent:innen und Absolvent:innen, die schon etwas l\u00e4nger aus der Schule weg waren, zeigte, wie vielf\u00e4ltig die Ausbildung an der HLWest ist und in welchen Bereichen man damit Fu\u00df fassen kann. \u00a0<\/p><p>Doch nicht nur zuk\u00fcnftige Sch\u00fcler:innen profitierten vom Tag der offenen T\u00fcr. Absolvent:innen, die auf der Suche nach Mitarbeiter:innen in ihren Betrieben waren, Absolvent:innen, die in der HLWest ihre zuk\u00fcnftige Arbeitsst\u00e4tte finden wollen und Absolvent:innen, die Kontakte kn\u00fcpfen m\u00f6chten, machten mit und konnten ihre W\u00fcnsche zum Teil umsetzen. Einem Ziel, das sich der Verein bei der Gr\u00fcndung gesetzt hat, n\u00e4mlich eine Verbindung zwischen zuk\u00fcnftigen und derzeitigen Sch\u00fcler:innen, mit den Absolvent:innen und der Schule zu schaffen, scheint man damit ein wenig n\u00e4hergekommen zu sein.<\/p>\t\t\t\t\t\t\t\t<\/div>\n\t\t\t\t<\/div>\n\t\t\t\t\t<\/div>\n\t\t<\/div>\n\t\t\t\t\t<\/div>\n\t\t<\/section>\n\t\t\t\t<section class=\"elementor-section elementor-top-section elementor-element elementor-element-c16d286 elementor-section-boxed elementor-section-height-default elementor-section-height-default\" data-id=\"c16d286\" data-element_type=\"section\">\n\t\t\t\t\t\t<div class=\"elementor-container elementor-column-gap-default\">\n\t\t\t\t\t<div class=\"elementor-column elementor-col-100 elementor-top-column elementor-element elementor-element-3b67ea1\" data-id=\"3b67ea1\" data-element_type=\"column\">\n\t\t\t<div class=\"elementor-widget-wrap elementor-element-populated\">\n\t\t\t\t\t\t<div class=\"elementor-element elementor-element-8976d8e gallery-spacing-custom elementor-widget elementor-widget-image-gallery\" data-id=\"8976d8e\" data-element_type=\"widget\" data-widget_type=\"image-gallery.default\">\n\t\t\t\t<div class=\"elementor-widget-container\">\n\t\t\t\t\t\t\t<div class=\"elementor-image-gallery\">\n\t\t\t<div id='gallery-1' class='gallery galleryid-796 gallery-columns-5 gallery-size-thumbnail'><figure class='gallery-item'>\n\t\t\t<div class='gallery-icon landscape'>\n\t\t\t\t<a data-elementor-open-lightbox=\"yes\" data-elementor-lightbox-slideshow=\"8976d8e\" data-elementor-lightbox-title=\"absolvent_innen (2)\" data-e-action-hash=\"#elementor-action%3Aaction%3Dlightbox%26settings%3DeyJpZCI6ODAwLCJ1cmwiOiJodHRwczpcL1wvd3d3Lmhsd2VzdC5hdFwvcmVwbGF5XC93cC1jb250ZW50XC91cGxvYWRzXC8yMDIzXC8wMlwvYWJzb2x2ZW50X2lubmVuLTIuanBnIiwic2xpZGVzaG93IjoiODk3NmQ4ZSJ9\" href='https:\/\/www.hlwest.at\/replay\/wp-content\/uploads\/2023\/02\/absolvent_innen-2.jpg'><img decoding=\"async\" width=\"150\" height=\"150\" src=\"https:\/\/www.hlwest.at\/replay\/wp-content\/uploads\/2023\/02\/absolvent_innen-2-150x150.jpg\" class=\"attachment-thumbnail size-thumbnail\" alt=\"\" \/><\/a>\n\t\t\t<\/div><\/figure><figure class='gallery-item'>\n\t\t\t<div class='gallery-icon landscape'>\n\t\t\t\t<a data-elementor-open-lightbox=\"yes\" data-elementor-lightbox-slideshow=\"8976d8e\" data-elementor-lightbox-title=\"absolvent_innen (4)\" data-e-action-hash=\"#elementor-action%3Aaction%3Dlightbox%26settings%3DeyJpZCI6ODAyLCJ1cmwiOiJodHRwczpcL1wvd3d3Lmhsd2VzdC5hdFwvcmVwbGF5XC93cC1jb250ZW50XC91cGxvYWRzXC8yMDIzXC8wMlwvYWJzb2x2ZW50X2lubmVuLTQuanBnIiwic2xpZGVzaG93IjoiODk3NmQ4ZSJ9\" href='https:\/\/www.hlwest.at\/replay\/wp-content\/uploads\/2023\/02\/absolvent_innen-4.jpg'><img decoding=\"async\" width=\"150\" height=\"150\" src=\"https:\/\/www.hlwest.at\/replay\/wp-content\/uploads\/2023\/02\/absolvent_innen-4-150x150.jpg\" class=\"attachment-thumbnail size-thumbnail\" alt=\"\" \/><\/a>\n\t\t\t<\/div><\/figure><figure class='gallery-item'>\n\t\t\t<div class='gallery-icon landscape'>\n\t\t\t\t<a data-elementor-open-lightbox=\"yes\" data-elementor-lightbox-slideshow=\"8976d8e\" data-elementor-lightbox-title=\"absolvent_innen (5)\" data-e-action-hash=\"#elementor-action%3Aaction%3Dlightbox%26settings%3DeyJpZCI6ODAzLCJ1cmwiOiJodHRwczpcL1wvd3d3Lmhsd2VzdC5hdFwvcmVwbGF5XC93cC1jb250ZW50XC91cGxvYWRzXC8yMDIzXC8wMlwvYWJzb2x2ZW50X2lubmVuLTUuanBnIiwic2xpZGVzaG93IjoiODk3NmQ4ZSJ9\" href='https:\/\/www.hlwest.at\/replay\/wp-content\/uploads\/2023\/02\/absolvent_innen-5.jpg'><img decoding=\"async\" width=\"150\" height=\"150\" src=\"https:\/\/www.hlwest.at\/replay\/wp-content\/uploads\/2023\/02\/absolvent_innen-5-150x150.jpg\" class=\"attachment-thumbnail size-thumbnail\" alt=\"\" \/><\/a>\n\t\t\t<\/div><\/figure><figure class='gallery-item'>\n\t\t\t<div class='gallery-icon landscape'>\n\t\t\t\t<a data-elementor-open-lightbox=\"yes\" data-elementor-lightbox-slideshow=\"8976d8e\" data-elementor-lightbox-title=\"absolvent_innen (6)\" data-e-action-hash=\"#elementor-action%3Aaction%3Dlightbox%26settings%3DeyJpZCI6ODA0LCJ1cmwiOiJodHRwczpcL1wvd3d3Lmhsd2VzdC5hdFwvcmVwbGF5XC93cC1jb250ZW50XC91cGxvYWRzXC8yMDIzXC8wMlwvYWJzb2x2ZW50X2lubmVuLTYuanBnIiwic2xpZGVzaG93IjoiODk3NmQ4ZSJ9\" href='https:\/\/www.hlwest.at\/replay\/wp-content\/uploads\/2023\/02\/absolvent_innen-6.jpg'><img loading=\"lazy\" decoding=\"async\" width=\"150\" height=\"150\" src=\"https:\/\/www.hlwest.at\/replay\/wp-content\/uploads\/2023\/02\/absolvent_innen-6-150x150.jpg\" class=\"attachment-thumbnail size-thumbnail\" alt=\"\" \/><\/a>\n\t\t\t<\/div><\/figure><figure class='gallery-item'>\n\t\t\t<div class='gallery-icon portrait'>\n\t\t\t\t<a data-elementor-open-lightbox=\"yes\" data-elementor-lightbox-slideshow=\"8976d8e\" data-elementor-lightbox-title=\"Tag der offenen T\u00fcr\" data-e-action-hash=\"#elementor-action%3Aaction%3Dlightbox%26settings%3DeyJpZCI6NzkyLCJ1cmwiOiJodHRwczpcL1wvd3d3Lmhsd2VzdC5hdFwvcmVwbGF5XC93cC1jb250ZW50XC91cGxvYWRzXC8yMDIzXC8wMlwvVGRvVC0zNS5qcGVnIiwic2xpZGVzaG93IjoiODk3NmQ4ZSJ9\" href='https:\/\/www.hlwest.at\/replay\/wp-content\/uploads\/2023\/02\/TdoT-35.jpeg'><img loading=\"lazy\" decoding=\"async\" width=\"150\" height=\"150\" src=\"https:\/\/www.hlwest.at\/replay\/wp-content\/uploads\/2023\/02\/TdoT-35-150x150.jpeg\" class=\"attachment-thumbnail size-thumbnail\" alt=\"\" \/><\/a>\n\t\t\t<\/div><\/figure><figure class='gallery-item'>\n\t\t\t<div class='gallery-icon landscape'>\n\t\t\t\t<a data-elementor-open-lightbox=\"yes\" data-elementor-lightbox-slideshow=\"8976d8e\" data-elementor-lightbox-title=\"Tag der offenen T\u00fcr\" data-e-action-hash=\"#elementor-action%3Aaction%3Dlightbox%26settings%3DeyJpZCI6NzkxLCJ1cmwiOiJodHRwczpcL1wvd3d3Lmhsd2VzdC5hdFwvcmVwbGF5XC93cC1jb250ZW50XC91cGxvYWRzXC8yMDIzXC8wMlwvVGRvVC0zNC5qcGVnIiwic2xpZGVzaG93IjoiODk3NmQ4ZSJ9\" href='https:\/\/www.hlwest.at\/replay\/wp-content\/uploads\/2023\/02\/TdoT-34.jpeg'><img loading=\"lazy\" decoding=\"async\" width=\"150\" height=\"150\" src=\"https:\/\/www.hlwest.at\/replay\/wp-content\/uploads\/2023\/02\/TdoT-34-150x150.jpeg\" class=\"attachment-thumbnail size-thumbnail\" alt=\"\" \/><\/a>\n\t\t\t<\/div><\/figure><figure class='gallery-item'>\n\t\t\t<div class='gallery-icon landscape'>\n\t\t\t\t<a data-elementor-open-lightbox=\"yes\" data-elementor-lightbox-slideshow=\"8976d8e\" data-elementor-lightbox-title=\"Tag der offenen T\u00fcr\" data-e-action-hash=\"#elementor-action%3Aaction%3Dlightbox%26settings%3DeyJpZCI6NzkwLCJ1cmwiOiJodHRwczpcL1wvd3d3Lmhsd2VzdC5hdFwvcmVwbGF5XC93cC1jb250ZW50XC91cGxvYWRzXC8yMDIzXC8wMlwvVGRvVC0zMy5qcGVnIiwic2xpZGVzaG93IjoiODk3NmQ4ZSJ9\" href='https:\/\/www.hlwest.at\/replay\/wp-content\/uploads\/2023\/02\/TdoT-33.jpeg'><img loading=\"lazy\" decoding=\"async\" width=\"150\" height=\"150\" src=\"https:\/\/www.hlwest.at\/replay\/wp-content\/uploads\/2023\/02\/TdoT-33-150x150.jpeg\" class=\"attachment-thumbnail size-thumbnail\" alt=\"\" \/><\/a>\n\t\t\t<\/div><\/figure><figure class='gallery-item'>\n\t\t\t<div class='gallery-icon landscape'>\n\t\t\t\t<a data-elementor-open-lightbox=\"yes\" data-elementor-lightbox-slideshow=\"8976d8e\" data-elementor-lightbox-title=\"Tag der offenen T\u00fcr\" data-e-action-hash=\"#elementor-action%3Aaction%3Dlightbox%26settings%3DeyJpZCI6Nzg5LCJ1cmwiOiJodHRwczpcL1wvd3d3Lmhsd2VzdC5hdFwvcmVwbGF5XC93cC1jb250ZW50XC91cGxvYWRzXC8yMDIzXC8wMlwvVGRvVC0xNC5qcGVnIiwic2xpZGVzaG93IjoiODk3NmQ4ZSJ9\" href='https:\/\/www.hlwest.at\/replay\/wp-content\/uploads\/2023\/02\/TdoT-14.jpeg'><img loading=\"lazy\" decoding=\"async\" width=\"150\" height=\"150\" src=\"https:\/\/www.hlwest.at\/replay\/wp-content\/uploads\/2023\/02\/TdoT-14-150x150.jpeg\" class=\"attachment-thumbnail size-thumbnail\" alt=\"\" \/><\/a>\n\t\t\t<\/div><\/figure><figure class='gallery-item'>\n\t\t\t<div class='gallery-icon landscape'>\n\t\t\t\t<a data-elementor-open-lightbox=\"yes\" data-elementor-lightbox-slideshow=\"8976d8e\" data-elementor-lightbox-title=\"absolvent_innen (1)\" data-e-action-hash=\"#elementor-action%3Aaction%3Dlightbox%26settings%3DeyJpZCI6Nzk5LCJ1cmwiOiJodHRwczpcL1wvd3d3Lmhsd2VzdC5hdFwvcmVwbGF5XC93cC1jb250ZW50XC91cGxvYWRzXC8yMDIzXC8wMlwvYWJzb2x2ZW50X2lubmVuLTEuanBnIiwic2xpZGVzaG93IjoiODk3NmQ4ZSJ9\" href='https:\/\/www.hlwest.at\/replay\/wp-content\/uploads\/2023\/02\/absolvent_innen-1.jpg'><img loading=\"lazy\" decoding=\"async\" width=\"150\" height=\"150\" src=\"https:\/\/www.hlwest.at\/replay\/wp-content\/uploads\/2023\/02\/absolvent_innen-1-150x150.jpg\" class=\"attachment-thumbnail size-thumbnail\" alt=\"\" \/><\/a>\n\t\t\t<\/div><\/figure><figure class='gallery-item'>\n\t\t\t<div class='gallery-icon landscape'>\n\t\t\t\t<a data-elementor-open-lightbox=\"yes\" data-elementor-lightbox-slideshow=\"8976d8e\" data-elementor-lightbox-title=\"absolvent_innen (3)\" data-e-action-hash=\"#elementor-action%3Aaction%3Dlightbox%26settings%3DeyJpZCI6ODAxLCJ1cmwiOiJodHRwczpcL1wvd3d3Lmhsd2VzdC5hdFwvcmVwbGF5XC93cC1jb250ZW50XC91cGxvYWRzXC8yMDIzXC8wMlwvYWJzb2x2ZW50X2lubmVuLTMuanBnIiwic2xpZGVzaG93IjoiODk3NmQ4ZSJ9\" href='https:\/\/www.hlwest.at\/replay\/wp-content\/uploads\/2023\/02\/absolvent_innen-3.jpg'><img loading=\"lazy\" decoding=\"async\" width=\"150\" height=\"150\" src=\"https:\/\/www.hlwest.at\/replay\/wp-content\/uploads\/2023\/02\/absolvent_innen-3-150x150.jpg\" class=\"attachment-thumbnail size-thumbnail\" alt=\"\" \/><\/a>\n\t\t\t<\/div><\/figure><figure class='gallery-item'>\n\t\t\t<div class='gallery-icon landscape'>\n\t\t\t\t<a data-elementor-open-lightbox=\"yes\" data-elementor-lightbox-slideshow=\"8976d8e\" data-elementor-lightbox-title=\"Tag der offenen T\u00fcr\" data-e-action-hash=\"#elementor-action%3Aaction%3Dlightbox%26settings%3DeyJpZCI6Nzg4LCJ1cmwiOiJodHRwczpcL1wvd3d3Lmhsd2VzdC5hdFwvcmVwbGF5XC93cC1jb250ZW50XC91cGxvYWRzXC8yMDIzXC8wMlwvVGRvVC0xMi5qcGVnIiwic2xpZGVzaG93IjoiODk3NmQ4ZSJ9\" href='https:\/\/www.hlwest.at\/replay\/wp-content\/uploads\/2023\/02\/TdoT-12.jpeg'><img loading=\"lazy\" decoding=\"async\" width=\"150\" height=\"150\" src=\"https:\/\/www.hlwest.at\/replay\/wp-content\/uploads\/2023\/02\/TdoT-12-150x150.jpeg\" class=\"attachment-thumbnail size-thumbnail\" alt=\"\" \/><\/a>\n\t\t\t<\/div><\/figure><figure class='gallery-item'>\n\t\t\t<div class='gallery-icon landscape'>\n\t\t\t\t<a data-elementor-open-lightbox=\"yes\" data-elementor-lightbox-slideshow=\"8976d8e\" data-elementor-lightbox-title=\"Tag der offenen T\u00fcr\" data-e-action-hash=\"#elementor-action%3Aaction%3Dlightbox%26settings%3DeyJpZCI6Nzg3LCJ1cmwiOiJodHRwczpcL1wvd3d3Lmhsd2VzdC5hdFwvcmVwbGF5XC93cC1jb250ZW50XC91cGxvYWRzXC8yMDIzXC8wMlwvVGRvVC0xMS5qcGVnIiwic2xpZGVzaG93IjoiODk3NmQ4ZSJ9\" href='https:\/\/www.hlwest.at\/replay\/wp-content\/uploads\/2023\/02\/TdoT-11.jpeg'><img loading=\"lazy\" decoding=\"async\" width=\"150\" height=\"150\" src=\"https:\/\/www.hlwest.at\/replay\/wp-content\/uploads\/2023\/02\/TdoT-11-150x150.jpeg\" class=\"attachment-thumbnail size-thumbnail\" alt=\"\" \/><\/a>\n\t\t\t<\/div><\/figure><figure class='gallery-item'>\n\t\t\t<div class='gallery-icon portrait'>\n\t\t\t\t<a data-elementor-open-lightbox=\"yes\" data-elementor-lightbox-slideshow=\"8976d8e\" data-elementor-lightbox-title=\"Tag der offenen T\u00fcr\" data-e-action-hash=\"#elementor-action%3Aaction%3Dlightbox%26settings%3DeyJpZCI6Nzg2LCJ1cmwiOiJodHRwczpcL1wvd3d3Lmhsd2VzdC5hdFwvcmVwbGF5XC93cC1jb250ZW50XC91cGxvYWRzXC8yMDIzXC8wMlwvVGRvVC05LmpwZWciLCJzbGlkZXNob3ciOiI4OTc2ZDhlIn0%3D\" href='https:\/\/www.hlwest.at\/replay\/wp-content\/uploads\/2023\/02\/TdoT-9.jpeg'><img loading=\"lazy\" decoding=\"async\" width=\"150\" height=\"150\" src=\"https:\/\/www.hlwest.at\/replay\/wp-content\/uploads\/2023\/02\/TdoT-9-150x150.jpeg\" class=\"attachment-thumbnail size-thumbnail\" alt=\"\" \/><\/a>\n\t\t\t<\/div><\/figure>\n\t\t<\/div>\n\t\t<\/div>\n\t\t\t\t\t\t<\/div>\n\t\t\t\t<\/div>\n\t\t\t\t\t<\/div>\n\t\t<\/div>\n\t\t\t\t\t<\/div>\n\t\t<\/section>\n\t\t\t\t<section class=\"elementor-section elementor-top-section elementor-element elementor-element-a7ab553 elementor-section-boxed elementor-section-height-default elementor-section-height-default\" data-id=\"a7ab553\" data-element_type=\"section\">\n\t\t\t\t\t\t<div class=\"elementor-container elementor-column-gap-default\">\n\t\t\t\t\t<div class=\"elementor-column elementor-col-100 elementor-top-column elementor-element elementor-element-f7406ec\" data-id=\"f7406ec\" data-element_type=\"column\">\n\t\t\t<div class=\"elementor-widget-wrap elementor-element-populated\">\n\t\t\t\t\t\t<div class=\"elementor-element elementor-element-eeef077 elementor-widget elementor-widget-text-editor\" data-id=\"eeef077\" data-element_type=\"widget\" data-widget_type=\"text-editor.default\">\n\t\t\t\t<div class=\"elementor-widget-container\">\n\t\t\t\t\t\t\t\t\t<p><em>Text: Veronika Lindebner<\/em><br \/><em>Fotos: Veronika Lindebner, Simone Gritsch<\/em><\/p>\t\t\t\t\t\t\t\t<\/div>\n\t\t\t\t<\/div>\n\t\t\t\t\t<\/div>\n\t\t<\/div>\n\t\t\t\t\t<\/div>\n\t\t<\/section>\n\t\t\t\t<\/div>\n\t\t","protected":false},"excerpt":{"rendered":"<p>Nach zweij\u00e4hriger Pause konnte in diesem Jahr endlich der Tag der offenen T\u00fcr an der HLWest wieder in Pr\u00e4senz abgehalten werden. Auch hier war unser Verein stark vertreten. Dank der Mithilfe von zw\u00f6lf Mitgliedern war unser \u201eStand\u201c st\u00e4ndig mit drei und mehr Vertreter:innen besetzt, die den zuk\u00fcnftigen Sch\u00fcler:innen und deren Eltern von ihren Erfahrungen und<\/p>\n<p><span class=\"more-wrapper\"><a class=\"more-link button\" href=\"https:\/\/www.hlwest.at\/replay\/absolventinnen-informieren-am-tag-der-offenen-tuer\/\">Weiterlesen<\/a><\/span><\/p>\n","protected":false},"author":60,"featured_media":791,"comment_status":"closed","ping_status":"closed","sticky":false,"template":"","format":"standard","meta":{"footnotes":""},"categories":[8],"tags":[],"class_list":["post-796","post","type-post","status-publish","format-standard","has-post-thumbnail","hentry","category-aktuelles"],"yoast_head":"<!-- This site is optimized with the Yoast SEO plugin v25.8 - https:\/\/yoast.com\/wordpress\/plugins\/seo\/ -->\n<title>Absolvent:innen informieren am Tag der offenen T\u00fcr - Replay<\/title>\n<meta name=\"robots\" content=\"index, follow, max-snippet:-1, max-image-preview:large, max-video-preview:-1\" \/>\n<link rel=\"canonical\" href=\"https:\/\/www.hlwest.at\/replay\/absolventinnen-informieren-am-tag-der-offenen-tuer\/\" \/>\n<meta property=\"og:locale\" content=\"de_DE\" \/>\n<meta property=\"og:type\" content=\"article\" \/>\n<meta property=\"og:title\" content=\"Absolvent:innen informieren am Tag der offenen T\u00fcr - Replay\" \/>\n<meta property=\"og:description\" content=\"Nach zweij\u00e4hriger Pause konnte in diesem Jahr endlich der Tag der offenen T\u00fcr an der HLWest wieder in Pr\u00e4senz abgehalten werden. Auch hier war unser Verein stark vertreten. Dank der Mithilfe von zw\u00f6lf Mitgliedern war unser \u201eStand\u201c st\u00e4ndig mit drei und mehr Vertreter:innen besetzt, die den zuk\u00fcnftigen Sch\u00fcler:innen und deren Eltern von ihren Erfahrungen undWeiterlesen\" \/>\n<meta property=\"og:url\" content=\"https:\/\/www.hlwest.at\/replay\/absolventinnen-informieren-am-tag-der-offenen-tuer\/\" \/>\n<meta property=\"og:site_name\" content=\"Replay\" \/>\n<meta property=\"article:published_time\" content=\"2023-02-09T12:09:35+00:00\" \/>\n<meta property=\"article:modified_time\" content=\"2023-02-09T12:20:20+00:00\" \/>\n<meta property=\"og:image\" content=\"https:\/\/www.hlwest.at\/replay\/wp-content\/uploads\/2023\/02\/TdoT-34.jpeg\" \/>\n\t<meta property=\"og:image:width\" content=\"1824\" \/>\n\t<meta property=\"og:image:height\" content=\"1368\" \/>\n\t<meta property=\"og:image:type\" content=\"image\/jpeg\" \/>\n<meta name=\"author\" content=\"Simone Gritsch\" \/>\n<meta name=\"twitter:card\" content=\"summary_large_image\" \/>\n<meta name=\"twitter:label1\" content=\"Verfasst von\" \/>\n\t<meta name=\"twitter:data1\" content=\"Simone Gritsch\" \/>\n\t<meta name=\"twitter:label2\" content=\"Gesch\u00e4tzte Lesezeit\" \/>\n\t<meta name=\"twitter:data2\" content=\"4\u00a0Minuten\" \/>\n<script type=\"application\/ld+json\" class=\"yoast-schema-graph\">{\"@context\":\"https:\/\/schema.org\",\"@graph\":[{\"@type\":\"Article\",\"@id\":\"https:\/\/www.hlwest.at\/replay\/absolventinnen-informieren-am-tag-der-offenen-tuer\/#article\",\"isPartOf\":{\"@id\":\"https:\/\/www.hlwest.at\/replay\/absolventinnen-informieren-am-tag-der-offenen-tuer\/\"},\"author\":{\"name\":\"Simone Gritsch\",\"@id\":\"https:\/\/www.hlwest.at\/replay\/#\/schema\/person\/b4cb12606efc2a2ddef5bc26f9974bb2\"},\"headline\":\"Absolvent:innen informieren am Tag der offenen T\u00fcr\",\"datePublished\":\"2023-02-09T12:09:35+00:00\",\"dateModified\":\"2023-02-09T12:20:20+00:00\",\"mainEntityOfPage\":{\"@id\":\"https:\/\/www.hlwest.at\/replay\/absolventinnen-informieren-am-tag-der-offenen-tuer\/\"},\"wordCount\":238,\"publisher\":{\"@id\":\"https:\/\/www.hlwest.at\/replay\/#organization\"},\"image\":{\"@id\":\"https:\/\/www.hlwest.at\/replay\/absolventinnen-informieren-am-tag-der-offenen-tuer\/#primaryimage\"},\"thumbnailUrl\":\"https:\/\/www.hlwest.at\/replay\/wp-content\/uploads\/2023\/02\/TdoT-34.jpeg\",\"articleSection\":[\"Aktuelles\"],\"inLanguage\":\"de\"},{\"@type\":\"WebPage\",\"@id\":\"https:\/\/www.hlwest.at\/replay\/absolventinnen-informieren-am-tag-der-offenen-tuer\/\",\"url\":\"https:\/\/www.hlwest.at\/replay\/absolventinnen-informieren-am-tag-der-offenen-tuer\/\",\"name\":\"Absolvent:innen informieren am Tag der offenen T\u00fcr - Replay\",\"isPartOf\":{\"@id\":\"https:\/\/www.hlwest.at\/replay\/#website\"},\"primaryImageOfPage\":{\"@id\":\"https:\/\/www.hlwest.at\/replay\/absolventinnen-informieren-am-tag-der-offenen-tuer\/#primaryimage\"},\"image\":{\"@id\":\"https:\/\/www.hlwest.at\/replay\/absolventinnen-informieren-am-tag-der-offenen-tuer\/#primaryimage\"},\"thumbnailUrl\":\"https:\/\/www.hlwest.at\/replay\/wp-content\/uploads\/2023\/02\/TdoT-34.jpeg\",\"datePublished\":\"2023-02-09T12:09:35+00:00\",\"dateModified\":\"2023-02-09T12:20:20+00:00\",\"breadcrumb\":{\"@id\":\"https:\/\/www.hlwest.at\/replay\/absolventinnen-informieren-am-tag-der-offenen-tuer\/#breadcrumb\"},\"inLanguage\":\"de\",\"potentialAction\":[{\"@type\":\"ReadAction\",\"target\":[\"https:\/\/www.hlwest.at\/replay\/absolventinnen-informieren-am-tag-der-offenen-tuer\/\"]}]},{\"@type\":\"ImageObject\",\"inLanguage\":\"de\",\"@id\":\"https:\/\/www.hlwest.at\/replay\/absolventinnen-informieren-am-tag-der-offenen-tuer\/#primaryimage\",\"url\":\"https:\/\/www.hlwest.at\/replay\/wp-content\/uploads\/2023\/02\/TdoT-34.jpeg\",\"contentUrl\":\"https:\/\/www.hlwest.at\/replay\/wp-content\/uploads\/2023\/02\/TdoT-34.jpeg\",\"width\":1824,\"height\":1368},{\"@type\":\"BreadcrumbList\",\"@id\":\"https:\/\/www.hlwest.at\/replay\/absolventinnen-informieren-am-tag-der-offenen-tuer\/#breadcrumb\",\"itemListElement\":[{\"@type\":\"ListItem\",\"position\":1,\"name\":\"Startseite\",\"item\":\"https:\/\/www.hlwest.at\/replay\/\"},{\"@type\":\"ListItem\",\"position\":2,\"name\":\"Absolvent:innen informieren am Tag der offenen T\u00fcr\"}]},{\"@type\":\"WebSite\",\"@id\":\"https:\/\/www.hlwest.at\/replay\/#website\",\"url\":\"https:\/\/www.hlwest.at\/replay\/\",\"name\":\"Replay\",\"description\":\"past - today - replay\",\"publisher\":{\"@id\":\"https:\/\/www.hlwest.at\/replay\/#organization\"},\"potentialAction\":[{\"@type\":\"SearchAction\",\"target\":{\"@type\":\"EntryPoint\",\"urlTemplate\":\"https:\/\/www.hlwest.at\/replay\/?s={search_term_string}\"},\"query-input\":{\"@type\":\"PropertyValueSpecification\",\"valueRequired\":true,\"valueName\":\"search_term_string\"}}],\"inLanguage\":\"de\"},{\"@type\":\"Organization\",\"@id\":\"https:\/\/www.hlwest.at\/replay\/#organization\",\"name\":\"Replay\",\"url\":\"https:\/\/www.hlwest.at\/replay\/\",\"logo\":{\"@type\":\"ImageObject\",\"inLanguage\":\"de\",\"@id\":\"https:\/\/www.hlwest.at\/replay\/#\/schema\/logo\/image\/\",\"url\":\"https:\/\/www.hlwest.at\/replay\/wp-content\/uploads\/2019\/04\/cropped-thumbnail.png\",\"contentUrl\":\"https:\/\/www.hlwest.at\/replay\/wp-content\/uploads\/2019\/04\/cropped-thumbnail.png\",\"width\":310,\"height\":254,\"caption\":\"Replay\"},\"image\":{\"@id\":\"https:\/\/www.hlwest.at\/replay\/#\/schema\/logo\/image\/\"}},{\"@type\":\"Person\",\"@id\":\"https:\/\/www.hlwest.at\/replay\/#\/schema\/person\/b4cb12606efc2a2ddef5bc26f9974bb2\",\"name\":\"Simone Gritsch\",\"image\":{\"@type\":\"ImageObject\",\"inLanguage\":\"de\",\"@id\":\"https:\/\/www.hlwest.at\/replay\/#\/schema\/person\/image\/\",\"url\":\"https:\/\/secure.gravatar.com\/avatar\/7f261e1ab5e7316698b5e17c52de85c656d5fc826267c8b468dcaf784c38d097?s=96&d=mm&r=g\",\"contentUrl\":\"https:\/\/secure.gravatar.com\/avatar\/7f261e1ab5e7316698b5e17c52de85c656d5fc826267c8b468dcaf784c38d097?s=96&d=mm&r=g\",\"caption\":\"Simone Gritsch\"},\"url\":\"https:\/\/www.hlwest.at\/replay\/author\/gris\/\"}]}<\/script>\n<!-- \/ Yoast SEO plugin. -->","yoast_head_json":{"title":"Absolvent:innen informieren am Tag der offenen T\u00fcr - Replay","robots":{"index":"index","follow":"follow","max-snippet":"max-snippet:-1","max-image-preview":"max-image-preview:large","max-video-preview":"max-video-preview:-1"},"canonical":"https:\/\/www.hlwest.at\/replay\/absolventinnen-informieren-am-tag-der-offenen-tuer\/","og_locale":"de_DE","og_type":"article","og_title":"Absolvent:innen informieren am Tag der offenen T\u00fcr - Replay","og_description":"Nach zweij\u00e4hriger Pause konnte in diesem Jahr endlich der Tag der offenen T\u00fcr an der HLWest wieder in Pr\u00e4senz abgehalten werden. Auch hier war unser Verein stark vertreten. Dank der Mithilfe von zw\u00f6lf Mitgliedern war unser \u201eStand\u201c st\u00e4ndig mit drei und mehr Vertreter:innen besetzt, die den zuk\u00fcnftigen Sch\u00fcler:innen und deren Eltern von ihren Erfahrungen undWeiterlesen","og_url":"https:\/\/www.hlwest.at\/replay\/absolventinnen-informieren-am-tag-der-offenen-tuer\/","og_site_name":"Replay","article_published_time":"2023-02-09T12:09:35+00:00","article_modified_time":"2023-02-09T12:20:20+00:00","og_image":[{"width":1824,"height":1368,"url":"https:\/\/www.hlwest.at\/replay\/wp-content\/uploads\/2023\/02\/TdoT-34.jpeg","type":"image\/jpeg"}],"author":"Simone Gritsch","twitter_card":"summary_large_image","twitter_misc":{"Verfasst von":"Simone Gritsch","Gesch\u00e4tzte Lesezeit":"4\u00a0Minuten"},"schema":{"@context":"https:\/\/schema.org","@graph":[{"@type":"Article","@id":"https:\/\/www.hlwest.at\/replay\/absolventinnen-informieren-am-tag-der-offenen-tuer\/#article","isPartOf":{"@id":"https:\/\/www.hlwest.at\/replay\/absolventinnen-informieren-am-tag-der-offenen-tuer\/"},"author":{"name":"Simone Gritsch","@id":"https:\/\/www.hlwest.at\/replay\/#\/schema\/person\/b4cb12606efc2a2ddef5bc26f9974bb2"},"headline":"Absolvent:innen informieren am Tag der offenen T\u00fcr","datePublished":"2023-02-09T12:09:35+00:00","dateModified":"2023-02-09T12:20:20+00:00","mainEntityOfPage":{"@id":"https:\/\/www.hlwest.at\/replay\/absolventinnen-informieren-am-tag-der-offenen-tuer\/"},"wordCount":238,"publisher":{"@id":"https:\/\/www.hlwest.at\/replay\/#organization"},"image":{"@id":"https:\/\/www.hlwest.at\/replay\/absolventinnen-informieren-am-tag-der-offenen-tuer\/#primaryimage"},"thumbnailUrl":"https:\/\/www.hlwest.at\/replay\/wp-content\/uploads\/2023\/02\/TdoT-34.jpeg","articleSection":["Aktuelles"],"inLanguage":"de"},{"@type":"WebPage","@id":"https:\/\/www.hlwest.at\/replay\/absolventinnen-informieren-am-tag-der-offenen-tuer\/","url":"https:\/\/www.hlwest.at\/replay\/absolventinnen-informieren-am-tag-der-offenen-tuer\/","name":"Absolvent:innen informieren am Tag der offenen T\u00fcr - Replay","isPartOf":{"@id":"https:\/\/www.hlwest.at\/replay\/#website"},"primaryImageOfPage":{"@id":"https:\/\/www.hlwest.at\/replay\/absolventinnen-informieren-am-tag-der-offenen-tuer\/#primaryimage"},"image":{"@id":"https:\/\/www.hlwest.at\/replay\/absolventinnen-informieren-am-tag-der-offenen-tuer\/#primaryimage"},"thumbnailUrl":"https:\/\/www.hlwest.at\/replay\/wp-content\/uploads\/2023\/02\/TdoT-34.jpeg","datePublished":"2023-02-09T12:09:35+00:00","dateModified":"2023-02-09T12:20:20+00:00","breadcrumb":{"@id":"https:\/\/www.hlwest.at\/replay\/absolventinnen-informieren-am-tag-der-offenen-tuer\/#breadcrumb"},"inLanguage":"de","potentialAction":[{"@type":"ReadAction","target":["https:\/\/www.hlwest.at\/replay\/absolventinnen-informieren-am-tag-der-offenen-tuer\/"]}]},{"@type":"ImageObject","inLanguage":"de","@id":"https:\/\/www.hlwest.at\/replay\/absolventinnen-informieren-am-tag-der-offenen-tuer\/#primaryimage","url":"https:\/\/www.hlwest.at\/replay\/wp-content\/uploads\/2023\/02\/TdoT-34.jpeg","contentUrl":"https:\/\/www.hlwest.at\/replay\/wp-content\/uploads\/2023\/02\/TdoT-34.jpeg","width":1824,"height":1368},{"@type":"BreadcrumbList","@id":"https:\/\/www.hlwest.at\/replay\/absolventinnen-informieren-am-tag-der-offenen-tuer\/#breadcrumb","itemListElement":[{"@type":"ListItem","position":1,"name":"Startseite","item":"https:\/\/www.hlwest.at\/replay\/"},{"@type":"ListItem","position":2,"name":"Absolvent:innen informieren am Tag der offenen T\u00fcr"}]},{"@type":"WebSite","@id":"https:\/\/www.hlwest.at\/replay\/#website","url":"https:\/\/www.hlwest.at\/replay\/","name":"Replay","description":"past - today - replay","publisher":{"@id":"https:\/\/www.hlwest.at\/replay\/#organization"},"potentialAction":[{"@type":"SearchAction","target":{"@type":"EntryPoint","urlTemplate":"https:\/\/www.hlwest.at\/replay\/?s={search_term_string}"},"query-input":{"@type":"PropertyValueSpecification","valueRequired":true,"valueName":"search_term_string"}}],"inLanguage":"de"},{"@type":"Organization","@id":"https:\/\/www.hlwest.at\/replay\/#organization","name":"Replay","url":"https:\/\/www.hlwest.at\/replay\/","logo":{"@type":"ImageObject","inLanguage":"de","@id":"https:\/\/www.hlwest.at\/replay\/#\/schema\/logo\/image\/","url":"https:\/\/www.hlwest.at\/replay\/wp-content\/uploads\/2019\/04\/cropped-thumbnail.png","contentUrl":"https:\/\/www.hlwest.at\/replay\/wp-content\/uploads\/2019\/04\/cropped-thumbnail.png","width":310,"height":254,"caption":"Replay"},"image":{"@id":"https:\/\/www.hlwest.at\/replay\/#\/schema\/logo\/image\/"}},{"@type":"Person","@id":"https:\/\/www.hlwest.at\/replay\/#\/schema\/person\/b4cb12606efc2a2ddef5bc26f9974bb2","name":"Simone Gritsch","image":{"@type":"ImageObject","inLanguage":"de","@id":"https:\/\/www.hlwest.at\/replay\/#\/schema\/person\/image\/","url":"https:\/\/secure.gravatar.com\/avatar\/7f261e1ab5e7316698b5e17c52de85c656d5fc826267c8b468dcaf784c38d097?s=96&d=mm&r=g","contentUrl":"https:\/\/secure.gravatar.com\/avatar\/7f261e1ab5e7316698b5e17c52de85c656d5fc826267c8b468dcaf784c38d097?s=96&d=mm&r=g","caption":"Simone Gritsch"},"url":"https:\/\/www.hlwest.at\/replay\/author\/gris\/"}]}},"_links":{"self":[{"href":"https:\/\/www.hlwest.at\/replay\/wp-json\/wp\/v2\/posts\/796","targetHints":{"allow":["GET"]}}],"collection":[{"href":"https:\/\/www.hlwest.at\/replay\/wp-json\/wp\/v2\/posts"}],"about":[{"href":"https:\/\/www.hlwest.at\/replay\/wp-json\/wp\/v2\/types\/post"}],"author":[{"embeddable":true,"href":"https:\/\/www.hlwest.at\/replay\/wp-json\/wp\/v2\/users\/60"}],"replies":[{"embeddable":true,"href":"https:\/\/www.hlwest.at\/replay\/wp-json\/wp\/v2\/comments?post=796"}],"version-history":[{"count":7,"href":"https:\/\/www.hlwest.at\/replay\/wp-json\/wp\/v2\/posts\/796\/revisions"}],"predecessor-version":[{"id":810,"href":"https:\/\/www.hlwest.at\/replay\/wp-json\/wp\/v2\/posts\/796\/revisions\/810"}],"wp:featuredmedia":[{"embeddable":true,"href":"https:\/\/www.hlwest.at\/replay\/wp-json\/wp\/v2\/media\/791"}],"wp:attachment":[{"href":"https:\/\/www.hlwest.at\/replay\/wp-json\/wp\/v2\/media?parent=796"}],"wp:term":[{"taxonomy":"category","embeddable":true,"href":"https:\/\/www.hlwest.at\/replay\/wp-json\/wp\/v2\/categories?post=796"},{"taxonomy":"post_tag","embeddable":true,"href":"https:\/\/www.hlwest.at\/replay\/wp-json\/wp\/v2\/tags?post=796"}],"curies":[{"name":"wp","href":"https:\/\/api.w.org\/{rel}","templated":true}]}}