{"id":750,"date":"2023-01-24T09:25:52","date_gmt":"2023-01-24T08:25:52","guid":{"rendered":"https:\/\/www.hlwest.at\/replay\/?p=750"},"modified":"2023-01-24T09:28:42","modified_gmt":"2023-01-24T08:28:42","slug":"lesung-mit-elia-barcelo-am-dienstag-7-februar-2023-an-der-hlwest-innsbruck","status":"publish","type":"post","link":"https:\/\/www.hlwest.at\/replay\/lesung-mit-elia-barcelo-am-dienstag-7-februar-2023-an-der-hlwest-innsbruck\/","title":{"rendered":"Lesung mit Elia Barcel\u00f3 am Dienstag, 7. Februar 2023 an der HLWest Innsbruck"},"content":{"rendered":"<p>Wir freuen uns, Euch an Eurer ehemaligen Schule zur Lesung mit Elia Barcel\u00f3 einladen zu d\u00fcrfen. Die Innsbrucker Autorin wird aus ihren B\u00fcchern, vor allem aus dem, das in Innsbruck spielt, vorlesen und \u00fcber ihr Schreiben erz\u00e4hlen. Musikalisch wird die Lesung durch unsere Sch\u00fcler:innen umrahmt, diese sorgen auch f\u00fcr ein B\u00fcffet, mit dem die Veranstaltung ausklingen wird.<\/p>\n<p>Beginn: 19 Uhr in der Aula.<\/p>\n<p>Bitte bringt auch interessierte Freund:innen und \u00a0Bekannte mit. Gerne darf die Einladung weitergeleitet werden.<\/p>\n<p>Wir freuen uns auf euch!<\/p>\n<p><img fetchpriority=\"high\" decoding=\"async\" class=\"alignleft wp-image-752 size-full\" src=\"https:\/\/www.hlwest.at\/replay\/wp-content\/uploads\/2023\/01\/lesung.jpg\" alt=\"\" width=\"951\" height=\"960\" srcset=\"https:\/\/www.hlwest.at\/replay\/wp-content\/uploads\/2023\/01\/lesung.jpg 951w, https:\/\/www.hlwest.at\/replay\/wp-content\/uploads\/2023\/01\/lesung-297x300.jpg 297w, https:\/\/www.hlwest.at\/replay\/wp-content\/uploads\/2023\/01\/lesung-150x150.jpg 150w, https:\/\/www.hlwest.at\/replay\/wp-content\/uploads\/2023\/01\/lesung-768x775.jpg 768w\" sizes=\"(max-width: 951px) 100vw, 951px\" \/><\/p>\n","protected":false},"excerpt":{"rendered":"<p>Wir freuen uns, Euch an Eurer ehemaligen Schule zur Lesung mit Elia Barcel\u00f3 einladen zu d\u00fcrfen. Die Innsbrucker Autorin wird aus ihren B\u00fcchern, vor allem aus dem, das in Innsbruck spielt, vorlesen und \u00fcber ihr Schreiben erz\u00e4hlen. Musikalisch wird die Lesung durch unsere Sch\u00fcler:innen umrahmt, diese sorgen auch f\u00fcr ein B\u00fcffet, mit dem die Veranstaltung<\/p>\n<p><span class=\"more-wrapper\"><a class=\"more-link button\" href=\"https:\/\/www.hlwest.at\/replay\/lesung-mit-elia-barcelo-am-dienstag-7-februar-2023-an-der-hlwest-innsbruck\/\">Weiterlesen<\/a><\/span><\/p>\n","protected":false},"author":60,"featured_media":752,"comment_status":"closed","ping_status":"closed","sticky":false,"template":"","format":"standard","meta":{"footnotes":""},"categories":[8],"tags":[],"class_list":["post-750","post","type-post","status-publish","format-standard","has-post-thumbnail","hentry","category-aktuelles"],"yoast_head":"<!-- This site is optimized with the Yoast SEO plugin v25.8 - https:\/\/yoast.com\/wordpress\/plugins\/seo\/ -->\n<title>Lesung mit Elia Barcel\u00f3 am Dienstag, 7. Februar 2023 an der HLWest Innsbruck - Replay<\/title>\n<meta name=\"robots\" content=\"index, follow, max-snippet:-1, max-image-preview:large, max-video-preview:-1\" \/>\n<link rel=\"canonical\" href=\"https:\/\/www.hlwest.at\/replay\/lesung-mit-elia-barcelo-am-dienstag-7-februar-2023-an-der-hlwest-innsbruck\/\" \/>\n<meta property=\"og:locale\" content=\"de_DE\" \/>\n<meta property=\"og:type\" content=\"article\" \/>\n<meta property=\"og:title\" content=\"Lesung mit Elia Barcel\u00f3 am Dienstag, 7. Februar 2023 an der HLWest Innsbruck - Replay\" \/>\n<meta property=\"og:description\" content=\"Wir freuen uns, Euch an Eurer ehemaligen Schule zur Lesung mit Elia Barcel\u00f3 einladen zu d\u00fcrfen. Die Innsbrucker Autorin wird aus ihren B\u00fcchern, vor allem aus dem, das in Innsbruck spielt, vorlesen und \u00fcber ihr Schreiben erz\u00e4hlen. Musikalisch wird die Lesung durch unsere Sch\u00fcler:innen umrahmt, diese sorgen auch f\u00fcr ein B\u00fcffet, mit dem die VeranstaltungWeiterlesen\" \/>\n<meta property=\"og:url\" content=\"https:\/\/www.hlwest.at\/replay\/lesung-mit-elia-barcelo-am-dienstag-7-februar-2023-an-der-hlwest-innsbruck\/\" \/>\n<meta property=\"og:site_name\" content=\"Replay\" \/>\n<meta property=\"article:published_time\" content=\"2023-01-24T08:25:52+00:00\" \/>\n<meta property=\"article:modified_time\" content=\"2023-01-24T08:28:42+00:00\" \/>\n<meta property=\"og:image\" content=\"https:\/\/www.hlwest.at\/replay\/wp-content\/uploads\/2023\/01\/lesung.jpg\" \/>\n\t<meta property=\"og:image:width\" content=\"951\" \/>\n\t<meta property=\"og:image:height\" content=\"960\" \/>\n\t<meta property=\"og:image:type\" content=\"image\/jpeg\" \/>\n<meta name=\"author\" content=\"Simone Gritsch\" \/>\n<meta name=\"twitter:card\" content=\"summary_large_image\" \/>\n<meta name=\"twitter:label1\" content=\"Verfasst von\" \/>\n\t<meta name=\"twitter:data1\" content=\"Simone Gritsch\" \/>\n\t<meta name=\"twitter:label2\" content=\"Gesch\u00e4tzte Lesezeit\" \/>\n\t<meta name=\"twitter:data2\" content=\"1\u00a0Minute\" \/>\n<script type=\"application\/ld+json\" class=\"yoast-schema-graph\">{\"@context\":\"https:\/\/schema.org\",\"@graph\":[{\"@type\":\"Article\",\"@id\":\"https:\/\/www.hlwest.at\/replay\/lesung-mit-elia-barcelo-am-dienstag-7-februar-2023-an-der-hlwest-innsbruck\/#article\",\"isPartOf\":{\"@id\":\"https:\/\/www.hlwest.at\/replay\/lesung-mit-elia-barcelo-am-dienstag-7-februar-2023-an-der-hlwest-innsbruck\/\"},\"author\":{\"name\":\"Simone Gritsch\",\"@id\":\"https:\/\/www.hlwest.at\/replay\/#\/schema\/person\/b4cb12606efc2a2ddef5bc26f9974bb2\"},\"headline\":\"Lesung mit Elia Barcel\u00f3 am Dienstag, 7. Februar 2023 an der HLWest Innsbruck\",\"datePublished\":\"2023-01-24T08:25:52+00:00\",\"dateModified\":\"2023-01-24T08:28:42+00:00\",\"mainEntityOfPage\":{\"@id\":\"https:\/\/www.hlwest.at\/replay\/lesung-mit-elia-barcelo-am-dienstag-7-februar-2023-an-der-hlwest-innsbruck\/\"},\"wordCount\":100,\"publisher\":{\"@id\":\"https:\/\/www.hlwest.at\/replay\/#organization\"},\"image\":{\"@id\":\"https:\/\/www.hlwest.at\/replay\/lesung-mit-elia-barcelo-am-dienstag-7-februar-2023-an-der-hlwest-innsbruck\/#primaryimage\"},\"thumbnailUrl\":\"https:\/\/www.hlwest.at\/replay\/wp-content\/uploads\/2023\/01\/lesung.jpg\",\"articleSection\":[\"Aktuelles\"],\"inLanguage\":\"de\"},{\"@type\":\"WebPage\",\"@id\":\"https:\/\/www.hlwest.at\/replay\/lesung-mit-elia-barcelo-am-dienstag-7-februar-2023-an-der-hlwest-innsbruck\/\",\"url\":\"https:\/\/www.hlwest.at\/replay\/lesung-mit-elia-barcelo-am-dienstag-7-februar-2023-an-der-hlwest-innsbruck\/\",\"name\":\"Lesung mit Elia Barcel\u00f3 am Dienstag, 7. Februar 2023 an der HLWest Innsbruck - Replay\",\"isPartOf\":{\"@id\":\"https:\/\/www.hlwest.at\/replay\/#website\"},\"primaryImageOfPage\":{\"@id\":\"https:\/\/www.hlwest.at\/replay\/lesung-mit-elia-barcelo-am-dienstag-7-februar-2023-an-der-hlwest-innsbruck\/#primaryimage\"},\"image\":{\"@id\":\"https:\/\/www.hlwest.at\/replay\/lesung-mit-elia-barcelo-am-dienstag-7-februar-2023-an-der-hlwest-innsbruck\/#primaryimage\"},\"thumbnailUrl\":\"https:\/\/www.hlwest.at\/replay\/wp-content\/uploads\/2023\/01\/lesung.jpg\",\"datePublished\":\"2023-01-24T08:25:52+00:00\",\"dateModified\":\"2023-01-24T08:28:42+00:00\",\"breadcrumb\":{\"@id\":\"https:\/\/www.hlwest.at\/replay\/lesung-mit-elia-barcelo-am-dienstag-7-februar-2023-an-der-hlwest-innsbruck\/#breadcrumb\"},\"inLanguage\":\"de\",\"potentialAction\":[{\"@type\":\"ReadAction\",\"target\":[\"https:\/\/www.hlwest.at\/replay\/lesung-mit-elia-barcelo-am-dienstag-7-februar-2023-an-der-hlwest-innsbruck\/\"]}]},{\"@type\":\"ImageObject\",\"inLanguage\":\"de\",\"@id\":\"https:\/\/www.hlwest.at\/replay\/lesung-mit-elia-barcelo-am-dienstag-7-februar-2023-an-der-hlwest-innsbruck\/#primaryimage\",\"url\":\"https:\/\/www.hlwest.at\/replay\/wp-content\/uploads\/2023\/01\/lesung.jpg\",\"contentUrl\":\"https:\/\/www.hlwest.at\/replay\/wp-content\/uploads\/2023\/01\/lesung.jpg\",\"width\":951,\"height\":960},{\"@type\":\"BreadcrumbList\",\"@id\":\"https:\/\/www.hlwest.at\/replay\/lesung-mit-elia-barcelo-am-dienstag-7-februar-2023-an-der-hlwest-innsbruck\/#breadcrumb\",\"itemListElement\":[{\"@type\":\"ListItem\",\"position\":1,\"name\":\"Startseite\",\"item\":\"https:\/\/www.hlwest.at\/replay\/\"},{\"@type\":\"ListItem\",\"position\":2,\"name\":\"Lesung mit Elia Barcel\u00f3 am Dienstag, 7. Februar 2023 an der HLWest Innsbruck\"}]},{\"@type\":\"WebSite\",\"@id\":\"https:\/\/www.hlwest.at\/replay\/#website\",\"url\":\"https:\/\/www.hlwest.at\/replay\/\",\"name\":\"Replay\",\"description\":\"past - today - replay\",\"publisher\":{\"@id\":\"https:\/\/www.hlwest.at\/replay\/#organization\"},\"potentialAction\":[{\"@type\":\"SearchAction\",\"target\":{\"@type\":\"EntryPoint\",\"urlTemplate\":\"https:\/\/www.hlwest.at\/replay\/?s={search_term_string}\"},\"query-input\":{\"@type\":\"PropertyValueSpecification\",\"valueRequired\":true,\"valueName\":\"search_term_string\"}}],\"inLanguage\":\"de\"},{\"@type\":\"Organization\",\"@id\":\"https:\/\/www.hlwest.at\/replay\/#organization\",\"name\":\"Replay\",\"url\":\"https:\/\/www.hlwest.at\/replay\/\",\"logo\":{\"@type\":\"ImageObject\",\"inLanguage\":\"de\",\"@id\":\"https:\/\/www.hlwest.at\/replay\/#\/schema\/logo\/image\/\",\"url\":\"https:\/\/www.hlwest.at\/replay\/wp-content\/uploads\/2019\/04\/cropped-thumbnail.png\",\"contentUrl\":\"https:\/\/www.hlwest.at\/replay\/wp-content\/uploads\/2019\/04\/cropped-thumbnail.png\",\"width\":310,\"height\":254,\"caption\":\"Replay\"},\"image\":{\"@id\":\"https:\/\/www.hlwest.at\/replay\/#\/schema\/logo\/image\/\"}},{\"@type\":\"Person\",\"@id\":\"https:\/\/www.hlwest.at\/replay\/#\/schema\/person\/b4cb12606efc2a2ddef5bc26f9974bb2\",\"name\":\"Simone Gritsch\",\"image\":{\"@type\":\"ImageObject\",\"inLanguage\":\"de\",\"@id\":\"https:\/\/www.hlwest.at\/replay\/#\/schema\/person\/image\/\",\"url\":\"https:\/\/secure.gravatar.com\/avatar\/7f261e1ab5e7316698b5e17c52de85c656d5fc826267c8b468dcaf784c38d097?s=96&d=mm&r=g\",\"contentUrl\":\"https:\/\/secure.gravatar.com\/avatar\/7f261e1ab5e7316698b5e17c52de85c656d5fc826267c8b468dcaf784c38d097?s=96&d=mm&r=g\",\"caption\":\"Simone Gritsch\"},\"url\":\"https:\/\/www.hlwest.at\/replay\/author\/gris\/\"}]}<\/script>\n<!-- \/ Yoast SEO plugin. -->","yoast_head_json":{"title":"Lesung mit Elia Barcel\u00f3 am Dienstag, 7. Februar 2023 an der HLWest Innsbruck - Replay","robots":{"index":"index","follow":"follow","max-snippet":"max-snippet:-1","max-image-preview":"max-image-preview:large","max-video-preview":"max-video-preview:-1"},"canonical":"https:\/\/www.hlwest.at\/replay\/lesung-mit-elia-barcelo-am-dienstag-7-februar-2023-an-der-hlwest-innsbruck\/","og_locale":"de_DE","og_type":"article","og_title":"Lesung mit Elia Barcel\u00f3 am Dienstag, 7. Februar 2023 an der HLWest Innsbruck - Replay","og_description":"Wir freuen uns, Euch an Eurer ehemaligen Schule zur Lesung mit Elia Barcel\u00f3 einladen zu d\u00fcrfen. Die Innsbrucker Autorin wird aus ihren B\u00fcchern, vor allem aus dem, das in Innsbruck spielt, vorlesen und \u00fcber ihr Schreiben erz\u00e4hlen. Musikalisch wird die Lesung durch unsere Sch\u00fcler:innen umrahmt, diese sorgen auch f\u00fcr ein B\u00fcffet, mit dem die VeranstaltungWeiterlesen","og_url":"https:\/\/www.hlwest.at\/replay\/lesung-mit-elia-barcelo-am-dienstag-7-februar-2023-an-der-hlwest-innsbruck\/","og_site_name":"Replay","article_published_time":"2023-01-24T08:25:52+00:00","article_modified_time":"2023-01-24T08:28:42+00:00","og_image":[{"width":951,"height":960,"url":"https:\/\/www.hlwest.at\/replay\/wp-content\/uploads\/2023\/01\/lesung.jpg","type":"image\/jpeg"}],"author":"Simone Gritsch","twitter_card":"summary_large_image","twitter_misc":{"Verfasst von":"Simone Gritsch","Gesch\u00e4tzte Lesezeit":"1\u00a0Minute"},"schema":{"@context":"https:\/\/schema.org","@graph":[{"@type":"Article","@id":"https:\/\/www.hlwest.at\/replay\/lesung-mit-elia-barcelo-am-dienstag-7-februar-2023-an-der-hlwest-innsbruck\/#article","isPartOf":{"@id":"https:\/\/www.hlwest.at\/replay\/lesung-mit-elia-barcelo-am-dienstag-7-februar-2023-an-der-hlwest-innsbruck\/"},"author":{"name":"Simone Gritsch","@id":"https:\/\/www.hlwest.at\/replay\/#\/schema\/person\/b4cb12606efc2a2ddef5bc26f9974bb2"},"headline":"Lesung mit Elia Barcel\u00f3 am Dienstag, 7. Februar 2023 an der HLWest Innsbruck","datePublished":"2023-01-24T08:25:52+00:00","dateModified":"2023-01-24T08:28:42+00:00","mainEntityOfPage":{"@id":"https:\/\/www.hlwest.at\/replay\/lesung-mit-elia-barcelo-am-dienstag-7-februar-2023-an-der-hlwest-innsbruck\/"},"wordCount":100,"publisher":{"@id":"https:\/\/www.hlwest.at\/replay\/#organization"},"image":{"@id":"https:\/\/www.hlwest.at\/replay\/lesung-mit-elia-barcelo-am-dienstag-7-februar-2023-an-der-hlwest-innsbruck\/#primaryimage"},"thumbnailUrl":"https:\/\/www.hlwest.at\/replay\/wp-content\/uploads\/2023\/01\/lesung.jpg","articleSection":["Aktuelles"],"inLanguage":"de"},{"@type":"WebPage","@id":"https:\/\/www.hlwest.at\/replay\/lesung-mit-elia-barcelo-am-dienstag-7-februar-2023-an-der-hlwest-innsbruck\/","url":"https:\/\/www.hlwest.at\/replay\/lesung-mit-elia-barcelo-am-dienstag-7-februar-2023-an-der-hlwest-innsbruck\/","name":"Lesung mit Elia Barcel\u00f3 am Dienstag, 7. Februar 2023 an der HLWest Innsbruck - Replay","isPartOf":{"@id":"https:\/\/www.hlwest.at\/replay\/#website"},"primaryImageOfPage":{"@id":"https:\/\/www.hlwest.at\/replay\/lesung-mit-elia-barcelo-am-dienstag-7-februar-2023-an-der-hlwest-innsbruck\/#primaryimage"},"image":{"@id":"https:\/\/www.hlwest.at\/replay\/lesung-mit-elia-barcelo-am-dienstag-7-februar-2023-an-der-hlwest-innsbruck\/#primaryimage"},"thumbnailUrl":"https:\/\/www.hlwest.at\/replay\/wp-content\/uploads\/2023\/01\/lesung.jpg","datePublished":"2023-01-24T08:25:52+00:00","dateModified":"2023-01-24T08:28:42+00:00","breadcrumb":{"@id":"https:\/\/www.hlwest.at\/replay\/lesung-mit-elia-barcelo-am-dienstag-7-februar-2023-an-der-hlwest-innsbruck\/#breadcrumb"},"inLanguage":"de","potentialAction":[{"@type":"ReadAction","target":["https:\/\/www.hlwest.at\/replay\/lesung-mit-elia-barcelo-am-dienstag-7-februar-2023-an-der-hlwest-innsbruck\/"]}]},{"@type":"ImageObject","inLanguage":"de","@id":"https:\/\/www.hlwest.at\/replay\/lesung-mit-elia-barcelo-am-dienstag-7-februar-2023-an-der-hlwest-innsbruck\/#primaryimage","url":"https:\/\/www.hlwest.at\/replay\/wp-content\/uploads\/2023\/01\/lesung.jpg","contentUrl":"https:\/\/www.hlwest.at\/replay\/wp-content\/uploads\/2023\/01\/lesung.jpg","width":951,"height":960},{"@type":"BreadcrumbList","@id":"https:\/\/www.hlwest.at\/replay\/lesung-mit-elia-barcelo-am-dienstag-7-februar-2023-an-der-hlwest-innsbruck\/#breadcrumb","itemListElement":[{"@type":"ListItem","position":1,"name":"Startseite","item":"https:\/\/www.hlwest.at\/replay\/"},{"@type":"ListItem","position":2,"name":"Lesung mit Elia Barcel\u00f3 am Dienstag, 7. Februar 2023 an der HLWest Innsbruck"}]},{"@type":"WebSite","@id":"https:\/\/www.hlwest.at\/replay\/#website","url":"https:\/\/www.hlwest.at\/replay\/","name":"Replay","description":"past - today - replay","publisher":{"@id":"https:\/\/www.hlwest.at\/replay\/#organization"},"potentialAction":[{"@type":"SearchAction","target":{"@type":"EntryPoint","urlTemplate":"https:\/\/www.hlwest.at\/replay\/?s={search_term_string}"},"query-input":{"@type":"PropertyValueSpecification","valueRequired":true,"valueName":"search_term_string"}}],"inLanguage":"de"},{"@type":"Organization","@id":"https:\/\/www.hlwest.at\/replay\/#organization","name":"Replay","url":"https:\/\/www.hlwest.at\/replay\/","logo":{"@type":"ImageObject","inLanguage":"de","@id":"https:\/\/www.hlwest.at\/replay\/#\/schema\/logo\/image\/","url":"https:\/\/www.hlwest.at\/replay\/wp-content\/uploads\/2019\/04\/cropped-thumbnail.png","contentUrl":"https:\/\/www.hlwest.at\/replay\/wp-content\/uploads\/2019\/04\/cropped-thumbnail.png","width":310,"height":254,"caption":"Replay"},"image":{"@id":"https:\/\/www.hlwest.at\/replay\/#\/schema\/logo\/image\/"}},{"@type":"Person","@id":"https:\/\/www.hlwest.at\/replay\/#\/schema\/person\/b4cb12606efc2a2ddef5bc26f9974bb2","name":"Simone Gritsch","image":{"@type":"ImageObject","inLanguage":"de","@id":"https:\/\/www.hlwest.at\/replay\/#\/schema\/person\/image\/","url":"https:\/\/secure.gravatar.com\/avatar\/7f261e1ab5e7316698b5e17c52de85c656d5fc826267c8b468dcaf784c38d097?s=96&d=mm&r=g","contentUrl":"https:\/\/secure.gravatar.com\/avatar\/7f261e1ab5e7316698b5e17c52de85c656d5fc826267c8b468dcaf784c38d097?s=96&d=mm&r=g","caption":"Simone Gritsch"},"url":"https:\/\/www.hlwest.at\/replay\/author\/gris\/"}]}},"_links":{"self":[{"href":"https:\/\/www.hlwest.at\/replay\/wp-json\/wp\/v2\/posts\/750","targetHints":{"allow":["GET"]}}],"collection":[{"href":"https:\/\/www.hlwest.at\/replay\/wp-json\/wp\/v2\/posts"}],"about":[{"href":"https:\/\/www.hlwest.at\/replay\/wp-json\/wp\/v2\/types\/post"}],"author":[{"embeddable":true,"href":"https:\/\/www.hlwest.at\/replay\/wp-json\/wp\/v2\/users\/60"}],"replies":[{"embeddable":true,"href":"https:\/\/www.hlwest.at\/replay\/wp-json\/wp\/v2\/comments?post=750"}],"version-history":[{"count":3,"href":"https:\/\/www.hlwest.at\/replay\/wp-json\/wp\/v2\/posts\/750\/revisions"}],"predecessor-version":[{"id":756,"href":"https:\/\/www.hlwest.at\/replay\/wp-json\/wp\/v2\/posts\/750\/revisions\/756"}],"wp:featuredmedia":[{"embeddable":true,"href":"https:\/\/www.hlwest.at\/replay\/wp-json\/wp\/v2\/media\/752"}],"wp:attachment":[{"href":"https:\/\/www.hlwest.at\/replay\/wp-json\/wp\/v2\/media?parent=750"}],"wp:term":[{"taxonomy":"category","embeddable":true,"href":"https:\/\/www.hlwest.at\/replay\/wp-json\/wp\/v2\/categories?post=750"},{"taxonomy":"post_tag","embeddable":true,"href":"https:\/\/www.hlwest.at\/replay\/wp-json\/wp\/v2\/tags?post=750"}],"curies":[{"name":"wp","href":"https:\/\/api.w.org\/{rel}","templated":true}]}}