{"id":720,"date":"2022-07-06T08:33:14","date_gmt":"2022-07-06T06:33:14","guid":{"rendered":"https:\/\/www.hlwest.at\/replay\/?p=720"},"modified":"2023-10-24T16:20:07","modified_gmt":"2023-10-24T14:20:07","slug":"marina-morri-absolventinnen-kehren-an-die-hlwest-zurueck","status":"publish","type":"post","link":"https:\/\/www.hlwest.at\/replay\/marina-morri-absolventinnen-kehren-an-die-hlwest-zurueck\/","title":{"rendered":"Marina Morri \u2013 Absolvent:innen kehren an die HLWest zur\u00fcck"},"content":{"rendered":"<p><strong>Marina Morri, diplomierte Gesundheits- und Krankenpflegerin, Absolventin der HLWest mit Schwerpunkt dritte lebende Fremdsprache, Maturajahrgang 2016<\/strong><\/p>\n<p>In unserer Reihe \u201eAbsolvent:innen kehren zur\u00fcck\u201c besuchte die 4 BHW, eine Klasse mit dem Schwerpunkt \u201cGesundheitswelten_Med\u201d, \u00a0dieses Mal Marina Morri, welche vor ca. zwei Jahren ihr Studium zur diplomierten Gesundheits- und Krankenpflegerin abgeschlossen hat und derzeit im Krankenhaus Hall in der interdisziplin\u00e4ren Notaufnahme arbeitet.<\/p>\n<p>Hier ein kurzer Bericht \u00fcber den Besuch von Sophie Strasser, einer Sch\u00fclerin dieser Klasse:<\/p>\n<p><strong>Von der HLWest zur diplomierten Gesundheits- und Krankenpflegerin<\/strong><\/p>\n<p>Am Montag, den 27.6.2022 hat uns Marina besucht, eine ehemalige Absolventin unserer Schule. Marina ist diplomierte Gesundheits- und Krankenpflegerin und kam, um uns einen Einblick in ihr Studium und jetziges Berufsleben zu geben. Zu Beginn hat sie uns erz\u00e4hlt, dass sie nach der Matura an unserer Schule erst mal planlos war und erst durch die Frage: \u201eWas interessiert mich eigentlich?\u201c auf ein Studium im Gesundheitsbereich gekommen ist. Sie hat uns erz\u00e4hlt, wie f\u00fcr sie ihr Studium war, welche F\u00e4cher unterrichtet werden und wo man danach \u00fcberall arbeiten kann. Ihr Beruf ist sehr vielseitig und sie k\u00f6nnte auf vielen verschiedenen Stationen arbeiten. Marina hat uns auch genau noch einmal den Unterschied zwischen diplomierter und nicht diplomierter Gesundheits- und Krankenpflegerin erkl\u00e4rt und was ihr Beruf alles f\u00fcr Aufgaben umfasst. Sie war sehr offen und hat uns alle Fragen zu ihrem Beruf beantwortet und zum Abschluss noch ein paar skurrile und spannende Begebenheiten aus ihrem Beruf erz\u00e4hlt. Durch sie konnten wir einen genaueren Einblick in ihren Alltag und die Ausbildung einer diplomierten Gesundheits- und Krankenpflegerin bekommen und aus erster Hand erfahren, dass wir nicht umsonst in der Schule sitzen, sondern vieles auch f\u00fcr sp\u00e4ter brauchen werden.<\/p>\n<p>Die 4 BHW dankt Marina f\u00fcr ihre interessanten Ausf\u00fchrungen und den Einblick in ihre vielschichtige Arbeitswelt.<\/p>\n<p><img fetchpriority=\"high\" decoding=\"async\" class=\"alignnone wp-image-721 size-large\" src=\"https:\/\/www.hlwest.at\/replay\/wp-content\/uploads\/2022\/07\/Morri_Marina-1024x498.jpg\" alt=\"\" width=\"821\" height=\"399\" srcset=\"https:\/\/www.hlwest.at\/replay\/wp-content\/uploads\/2022\/07\/Morri_Marina-1024x498.jpg 1024w, https:\/\/www.hlwest.at\/replay\/wp-content\/uploads\/2022\/07\/Morri_Marina-300x146.jpg 300w, https:\/\/www.hlwest.at\/replay\/wp-content\/uploads\/2022\/07\/Morri_Marina-768x373.jpg 768w, https:\/\/www.hlwest.at\/replay\/wp-content\/uploads\/2022\/07\/Morri_Marina-1536x747.jpg 1536w, https:\/\/www.hlwest.at\/replay\/wp-content\/uploads\/2022\/07\/Morri_Marina-2048x996.jpg 2048w\" sizes=\"(max-width: 821px) 100vw, 821px\" \/><\/p>\n","protected":false},"excerpt":{"rendered":"<p>Marina Morri, diplomierte Gesundheits- und Krankenpflegerin, Absolventin der HLWest mit Schwerpunkt dritte lebende Fremdsprache, Maturajahrgang 2016 In unserer Reihe \u201eAbsolvent:innen kehren zur\u00fcck\u201c besuchte die 4 BHW, eine Klasse mit dem Schwerpunkt \u201cGesundheitswelten_Med\u201d, \u00a0dieses Mal Marina Morri, welche vor ca. zwei Jahren ihr Studium zur diplomierten Gesundheits- und Krankenpflegerin abgeschlossen hat und derzeit im Krankenhaus Hall<\/p>\n<p><span class=\"more-wrapper\"><a class=\"more-link button\" href=\"https:\/\/www.hlwest.at\/replay\/marina-morri-absolventinnen-kehren-an-die-hlwest-zurueck\/\">Weiterlesen<\/a><\/span><\/p>\n","protected":false},"author":60,"featured_media":721,"comment_status":"closed","ping_status":"closed","sticky":false,"template":"","format":"standard","meta":{"footnotes":""},"categories":[8],"tags":[],"class_list":["post-720","post","type-post","status-publish","format-standard","has-post-thumbnail","hentry","category-aktuelles"],"yoast_head":"<!-- This site is optimized with the Yoast SEO plugin v25.8 - https:\/\/yoast.com\/wordpress\/plugins\/seo\/ -->\n<title>Marina Morri \u2013 Absolvent:innen kehren an die HLWest zur\u00fcck - Replay<\/title>\n<meta name=\"robots\" content=\"index, follow, max-snippet:-1, max-image-preview:large, max-video-preview:-1\" \/>\n<link rel=\"canonical\" href=\"https:\/\/www.hlwest.at\/replay\/marina-morri-absolventinnen-kehren-an-die-hlwest-zurueck\/\" \/>\n<meta property=\"og:locale\" content=\"de_DE\" \/>\n<meta property=\"og:type\" content=\"article\" \/>\n<meta property=\"og:title\" content=\"Marina Morri \u2013 Absolvent:innen kehren an die HLWest zur\u00fcck - Replay\" \/>\n<meta property=\"og:description\" content=\"Marina Morri, diplomierte Gesundheits- und Krankenpflegerin, Absolventin der HLWest mit Schwerpunkt dritte lebende Fremdsprache, Maturajahrgang 2016 In unserer Reihe \u201eAbsolvent:innen kehren zur\u00fcck\u201c besuchte die 4 BHW, eine Klasse mit dem Schwerpunkt \u201cGesundheitswelten_Med\u201d, \u00a0dieses Mal Marina Morri, welche vor ca. zwei Jahren ihr Studium zur diplomierten Gesundheits- und Krankenpflegerin abgeschlossen hat und derzeit im Krankenhaus HallWeiterlesen\" \/>\n<meta property=\"og:url\" content=\"https:\/\/www.hlwest.at\/replay\/marina-morri-absolventinnen-kehren-an-die-hlwest-zurueck\/\" \/>\n<meta property=\"og:site_name\" content=\"Replay\" \/>\n<meta property=\"article:published_time\" content=\"2022-07-06T06:33:14+00:00\" \/>\n<meta property=\"article:modified_time\" content=\"2023-10-24T14:20:07+00:00\" \/>\n<meta property=\"og:image\" content=\"https:\/\/www.hlwest.at\/replay\/wp-content\/uploads\/2022\/07\/Morri_Marina-scaled.jpg\" \/>\n\t<meta property=\"og:image:width\" content=\"2560\" \/>\n\t<meta property=\"og:image:height\" content=\"1244\" \/>\n\t<meta property=\"og:image:type\" content=\"image\/jpeg\" \/>\n<meta name=\"author\" content=\"Simone Gritsch\" \/>\n<meta name=\"twitter:card\" content=\"summary_large_image\" \/>\n<meta name=\"twitter:label1\" content=\"Verfasst von\" \/>\n\t<meta name=\"twitter:data1\" content=\"Simone Gritsch\" \/>\n\t<meta name=\"twitter:label2\" content=\"Gesch\u00e4tzte Lesezeit\" \/>\n\t<meta name=\"twitter:data2\" content=\"2\u00a0Minuten\" \/>\n<script type=\"application\/ld+json\" class=\"yoast-schema-graph\">{\"@context\":\"https:\/\/schema.org\",\"@graph\":[{\"@type\":\"Article\",\"@id\":\"https:\/\/www.hlwest.at\/replay\/marina-morri-absolventinnen-kehren-an-die-hlwest-zurueck\/#article\",\"isPartOf\":{\"@id\":\"https:\/\/www.hlwest.at\/replay\/marina-morri-absolventinnen-kehren-an-die-hlwest-zurueck\/\"},\"author\":{\"name\":\"Simone Gritsch\",\"@id\":\"https:\/\/www.hlwest.at\/replay\/#\/schema\/person\/b4cb12606efc2a2ddef5bc26f9974bb2\"},\"headline\":\"Marina Morri \u2013 Absolvent:innen kehren an die HLWest zur\u00fcck\",\"datePublished\":\"2022-07-06T06:33:14+00:00\",\"dateModified\":\"2023-10-24T14:20:07+00:00\",\"mainEntityOfPage\":{\"@id\":\"https:\/\/www.hlwest.at\/replay\/marina-morri-absolventinnen-kehren-an-die-hlwest-zurueck\/\"},\"wordCount\":314,\"publisher\":{\"@id\":\"https:\/\/www.hlwest.at\/replay\/#organization\"},\"image\":{\"@id\":\"https:\/\/www.hlwest.at\/replay\/marina-morri-absolventinnen-kehren-an-die-hlwest-zurueck\/#primaryimage\"},\"thumbnailUrl\":\"https:\/\/www.hlwest.at\/replay\/wp-content\/uploads\/2022\/07\/Morri_Marina-scaled.jpg\",\"articleSection\":[\"Aktuelles\"],\"inLanguage\":\"de\"},{\"@type\":\"WebPage\",\"@id\":\"https:\/\/www.hlwest.at\/replay\/marina-morri-absolventinnen-kehren-an-die-hlwest-zurueck\/\",\"url\":\"https:\/\/www.hlwest.at\/replay\/marina-morri-absolventinnen-kehren-an-die-hlwest-zurueck\/\",\"name\":\"Marina Morri \u2013 Absolvent:innen kehren an die HLWest zur\u00fcck - Replay\",\"isPartOf\":{\"@id\":\"https:\/\/www.hlwest.at\/replay\/#website\"},\"primaryImageOfPage\":{\"@id\":\"https:\/\/www.hlwest.at\/replay\/marina-morri-absolventinnen-kehren-an-die-hlwest-zurueck\/#primaryimage\"},\"image\":{\"@id\":\"https:\/\/www.hlwest.at\/replay\/marina-morri-absolventinnen-kehren-an-die-hlwest-zurueck\/#primaryimage\"},\"thumbnailUrl\":\"https:\/\/www.hlwest.at\/replay\/wp-content\/uploads\/2022\/07\/Morri_Marina-scaled.jpg\",\"datePublished\":\"2022-07-06T06:33:14+00:00\",\"dateModified\":\"2023-10-24T14:20:07+00:00\",\"breadcrumb\":{\"@id\":\"https:\/\/www.hlwest.at\/replay\/marina-morri-absolventinnen-kehren-an-die-hlwest-zurueck\/#breadcrumb\"},\"inLanguage\":\"de\",\"potentialAction\":[{\"@type\":\"ReadAction\",\"target\":[\"https:\/\/www.hlwest.at\/replay\/marina-morri-absolventinnen-kehren-an-die-hlwest-zurueck\/\"]}]},{\"@type\":\"ImageObject\",\"inLanguage\":\"de\",\"@id\":\"https:\/\/www.hlwest.at\/replay\/marina-morri-absolventinnen-kehren-an-die-hlwest-zurueck\/#primaryimage\",\"url\":\"https:\/\/www.hlwest.at\/replay\/wp-content\/uploads\/2022\/07\/Morri_Marina-scaled.jpg\",\"contentUrl\":\"https:\/\/www.hlwest.at\/replay\/wp-content\/uploads\/2022\/07\/Morri_Marina-scaled.jpg\",\"width\":2560,\"height\":1244},{\"@type\":\"BreadcrumbList\",\"@id\":\"https:\/\/www.hlwest.at\/replay\/marina-morri-absolventinnen-kehren-an-die-hlwest-zurueck\/#breadcrumb\",\"itemListElement\":[{\"@type\":\"ListItem\",\"position\":1,\"name\":\"Startseite\",\"item\":\"https:\/\/www.hlwest.at\/replay\/\"},{\"@type\":\"ListItem\",\"position\":2,\"name\":\"Marina Morri \u2013 Absolvent:innen kehren an die HLWest zur\u00fcck\"}]},{\"@type\":\"WebSite\",\"@id\":\"https:\/\/www.hlwest.at\/replay\/#website\",\"url\":\"https:\/\/www.hlwest.at\/replay\/\",\"name\":\"Replay\",\"description\":\"past - today - replay\",\"publisher\":{\"@id\":\"https:\/\/www.hlwest.at\/replay\/#organization\"},\"potentialAction\":[{\"@type\":\"SearchAction\",\"target\":{\"@type\":\"EntryPoint\",\"urlTemplate\":\"https:\/\/www.hlwest.at\/replay\/?s={search_term_string}\"},\"query-input\":{\"@type\":\"PropertyValueSpecification\",\"valueRequired\":true,\"valueName\":\"search_term_string\"}}],\"inLanguage\":\"de\"},{\"@type\":\"Organization\",\"@id\":\"https:\/\/www.hlwest.at\/replay\/#organization\",\"name\":\"Replay\",\"url\":\"https:\/\/www.hlwest.at\/replay\/\",\"logo\":{\"@type\":\"ImageObject\",\"inLanguage\":\"de\",\"@id\":\"https:\/\/www.hlwest.at\/replay\/#\/schema\/logo\/image\/\",\"url\":\"https:\/\/www.hlwest.at\/replay\/wp-content\/uploads\/2019\/04\/cropped-thumbnail.png\",\"contentUrl\":\"https:\/\/www.hlwest.at\/replay\/wp-content\/uploads\/2019\/04\/cropped-thumbnail.png\",\"width\":310,\"height\":254,\"caption\":\"Replay\"},\"image\":{\"@id\":\"https:\/\/www.hlwest.at\/replay\/#\/schema\/logo\/image\/\"}},{\"@type\":\"Person\",\"@id\":\"https:\/\/www.hlwest.at\/replay\/#\/schema\/person\/b4cb12606efc2a2ddef5bc26f9974bb2\",\"name\":\"Simone Gritsch\",\"image\":{\"@type\":\"ImageObject\",\"inLanguage\":\"de\",\"@id\":\"https:\/\/www.hlwest.at\/replay\/#\/schema\/person\/image\/\",\"url\":\"https:\/\/secure.gravatar.com\/avatar\/7f261e1ab5e7316698b5e17c52de85c656d5fc826267c8b468dcaf784c38d097?s=96&d=mm&r=g\",\"contentUrl\":\"https:\/\/secure.gravatar.com\/avatar\/7f261e1ab5e7316698b5e17c52de85c656d5fc826267c8b468dcaf784c38d097?s=96&d=mm&r=g\",\"caption\":\"Simone Gritsch\"},\"url\":\"https:\/\/www.hlwest.at\/replay\/author\/gris\/\"}]}<\/script>\n<!-- \/ Yoast SEO plugin. -->","yoast_head_json":{"title":"Marina Morri \u2013 Absolvent:innen kehren an die HLWest zur\u00fcck - Replay","robots":{"index":"index","follow":"follow","max-snippet":"max-snippet:-1","max-image-preview":"max-image-preview:large","max-video-preview":"max-video-preview:-1"},"canonical":"https:\/\/www.hlwest.at\/replay\/marina-morri-absolventinnen-kehren-an-die-hlwest-zurueck\/","og_locale":"de_DE","og_type":"article","og_title":"Marina Morri \u2013 Absolvent:innen kehren an die HLWest zur\u00fcck - Replay","og_description":"Marina Morri, diplomierte Gesundheits- und Krankenpflegerin, Absolventin der HLWest mit Schwerpunkt dritte lebende Fremdsprache, Maturajahrgang 2016 In unserer Reihe \u201eAbsolvent:innen kehren zur\u00fcck\u201c besuchte die 4 BHW, eine Klasse mit dem Schwerpunkt \u201cGesundheitswelten_Med\u201d, \u00a0dieses Mal Marina Morri, welche vor ca. zwei Jahren ihr Studium zur diplomierten Gesundheits- und Krankenpflegerin abgeschlossen hat und derzeit im Krankenhaus HallWeiterlesen","og_url":"https:\/\/www.hlwest.at\/replay\/marina-morri-absolventinnen-kehren-an-die-hlwest-zurueck\/","og_site_name":"Replay","article_published_time":"2022-07-06T06:33:14+00:00","article_modified_time":"2023-10-24T14:20:07+00:00","og_image":[{"width":2560,"height":1244,"url":"https:\/\/www.hlwest.at\/replay\/wp-content\/uploads\/2022\/07\/Morri_Marina-scaled.jpg","type":"image\/jpeg"}],"author":"Simone Gritsch","twitter_card":"summary_large_image","twitter_misc":{"Verfasst von":"Simone Gritsch","Gesch\u00e4tzte Lesezeit":"2\u00a0Minuten"},"schema":{"@context":"https:\/\/schema.org","@graph":[{"@type":"Article","@id":"https:\/\/www.hlwest.at\/replay\/marina-morri-absolventinnen-kehren-an-die-hlwest-zurueck\/#article","isPartOf":{"@id":"https:\/\/www.hlwest.at\/replay\/marina-morri-absolventinnen-kehren-an-die-hlwest-zurueck\/"},"author":{"name":"Simone Gritsch","@id":"https:\/\/www.hlwest.at\/replay\/#\/schema\/person\/b4cb12606efc2a2ddef5bc26f9974bb2"},"headline":"Marina Morri \u2013 Absolvent:innen kehren an die HLWest zur\u00fcck","datePublished":"2022-07-06T06:33:14+00:00","dateModified":"2023-10-24T14:20:07+00:00","mainEntityOfPage":{"@id":"https:\/\/www.hlwest.at\/replay\/marina-morri-absolventinnen-kehren-an-die-hlwest-zurueck\/"},"wordCount":314,"publisher":{"@id":"https:\/\/www.hlwest.at\/replay\/#organization"},"image":{"@id":"https:\/\/www.hlwest.at\/replay\/marina-morri-absolventinnen-kehren-an-die-hlwest-zurueck\/#primaryimage"},"thumbnailUrl":"https:\/\/www.hlwest.at\/replay\/wp-content\/uploads\/2022\/07\/Morri_Marina-scaled.jpg","articleSection":["Aktuelles"],"inLanguage":"de"},{"@type":"WebPage","@id":"https:\/\/www.hlwest.at\/replay\/marina-morri-absolventinnen-kehren-an-die-hlwest-zurueck\/","url":"https:\/\/www.hlwest.at\/replay\/marina-morri-absolventinnen-kehren-an-die-hlwest-zurueck\/","name":"Marina Morri \u2013 Absolvent:innen kehren an die HLWest zur\u00fcck - Replay","isPartOf":{"@id":"https:\/\/www.hlwest.at\/replay\/#website"},"primaryImageOfPage":{"@id":"https:\/\/www.hlwest.at\/replay\/marina-morri-absolventinnen-kehren-an-die-hlwest-zurueck\/#primaryimage"},"image":{"@id":"https:\/\/www.hlwest.at\/replay\/marina-morri-absolventinnen-kehren-an-die-hlwest-zurueck\/#primaryimage"},"thumbnailUrl":"https:\/\/www.hlwest.at\/replay\/wp-content\/uploads\/2022\/07\/Morri_Marina-scaled.jpg","datePublished":"2022-07-06T06:33:14+00:00","dateModified":"2023-10-24T14:20:07+00:00","breadcrumb":{"@id":"https:\/\/www.hlwest.at\/replay\/marina-morri-absolventinnen-kehren-an-die-hlwest-zurueck\/#breadcrumb"},"inLanguage":"de","potentialAction":[{"@type":"ReadAction","target":["https:\/\/www.hlwest.at\/replay\/marina-morri-absolventinnen-kehren-an-die-hlwest-zurueck\/"]}]},{"@type":"ImageObject","inLanguage":"de","@id":"https:\/\/www.hlwest.at\/replay\/marina-morri-absolventinnen-kehren-an-die-hlwest-zurueck\/#primaryimage","url":"https:\/\/www.hlwest.at\/replay\/wp-content\/uploads\/2022\/07\/Morri_Marina-scaled.jpg","contentUrl":"https:\/\/www.hlwest.at\/replay\/wp-content\/uploads\/2022\/07\/Morri_Marina-scaled.jpg","width":2560,"height":1244},{"@type":"BreadcrumbList","@id":"https:\/\/www.hlwest.at\/replay\/marina-morri-absolventinnen-kehren-an-die-hlwest-zurueck\/#breadcrumb","itemListElement":[{"@type":"ListItem","position":1,"name":"Startseite","item":"https:\/\/www.hlwest.at\/replay\/"},{"@type":"ListItem","position":2,"name":"Marina Morri \u2013 Absolvent:innen kehren an die HLWest zur\u00fcck"}]},{"@type":"WebSite","@id":"https:\/\/www.hlwest.at\/replay\/#website","url":"https:\/\/www.hlwest.at\/replay\/","name":"Replay","description":"past - today - replay","publisher":{"@id":"https:\/\/www.hlwest.at\/replay\/#organization"},"potentialAction":[{"@type":"SearchAction","target":{"@type":"EntryPoint","urlTemplate":"https:\/\/www.hlwest.at\/replay\/?s={search_term_string}"},"query-input":{"@type":"PropertyValueSpecification","valueRequired":true,"valueName":"search_term_string"}}],"inLanguage":"de"},{"@type":"Organization","@id":"https:\/\/www.hlwest.at\/replay\/#organization","name":"Replay","url":"https:\/\/www.hlwest.at\/replay\/","logo":{"@type":"ImageObject","inLanguage":"de","@id":"https:\/\/www.hlwest.at\/replay\/#\/schema\/logo\/image\/","url":"https:\/\/www.hlwest.at\/replay\/wp-content\/uploads\/2019\/04\/cropped-thumbnail.png","contentUrl":"https:\/\/www.hlwest.at\/replay\/wp-content\/uploads\/2019\/04\/cropped-thumbnail.png","width":310,"height":254,"caption":"Replay"},"image":{"@id":"https:\/\/www.hlwest.at\/replay\/#\/schema\/logo\/image\/"}},{"@type":"Person","@id":"https:\/\/www.hlwest.at\/replay\/#\/schema\/person\/b4cb12606efc2a2ddef5bc26f9974bb2","name":"Simone Gritsch","image":{"@type":"ImageObject","inLanguage":"de","@id":"https:\/\/www.hlwest.at\/replay\/#\/schema\/person\/image\/","url":"https:\/\/secure.gravatar.com\/avatar\/7f261e1ab5e7316698b5e17c52de85c656d5fc826267c8b468dcaf784c38d097?s=96&d=mm&r=g","contentUrl":"https:\/\/secure.gravatar.com\/avatar\/7f261e1ab5e7316698b5e17c52de85c656d5fc826267c8b468dcaf784c38d097?s=96&d=mm&r=g","caption":"Simone Gritsch"},"url":"https:\/\/www.hlwest.at\/replay\/author\/gris\/"}]}},"_links":{"self":[{"href":"https:\/\/www.hlwest.at\/replay\/wp-json\/wp\/v2\/posts\/720","targetHints":{"allow":["GET"]}}],"collection":[{"href":"https:\/\/www.hlwest.at\/replay\/wp-json\/wp\/v2\/posts"}],"about":[{"href":"https:\/\/www.hlwest.at\/replay\/wp-json\/wp\/v2\/types\/post"}],"author":[{"embeddable":true,"href":"https:\/\/www.hlwest.at\/replay\/wp-json\/wp\/v2\/users\/60"}],"replies":[{"embeddable":true,"href":"https:\/\/www.hlwest.at\/replay\/wp-json\/wp\/v2\/comments?post=720"}],"version-history":[{"count":3,"href":"https:\/\/www.hlwest.at\/replay\/wp-json\/wp\/v2\/posts\/720\/revisions"}],"predecessor-version":[{"id":1001,"href":"https:\/\/www.hlwest.at\/replay\/wp-json\/wp\/v2\/posts\/720\/revisions\/1001"}],"wp:featuredmedia":[{"embeddable":true,"href":"https:\/\/www.hlwest.at\/replay\/wp-json\/wp\/v2\/media\/721"}],"wp:attachment":[{"href":"https:\/\/www.hlwest.at\/replay\/wp-json\/wp\/v2\/media?parent=720"}],"wp:term":[{"taxonomy":"category","embeddable":true,"href":"https:\/\/www.hlwest.at\/replay\/wp-json\/wp\/v2\/categories?post=720"},{"taxonomy":"post_tag","embeddable":true,"href":"https:\/\/www.hlwest.at\/replay\/wp-json\/wp\/v2\/tags?post=720"}],"curies":[{"name":"wp","href":"https:\/\/api.w.org\/{rel}","templated":true}]}}