{"id":713,"date":"2022-06-29T10:05:19","date_gmt":"2022-06-29T08:05:19","guid":{"rendered":"https:\/\/www.hlwest.at\/replay\/?p=713"},"modified":"2023-10-24T16:21:17","modified_gmt":"2023-10-24T14:21:17","slug":"jan-reiter-absolventinnen-kehren-an-die-hlwest-zurueck","status":"publish","type":"post","link":"https:\/\/www.hlwest.at\/replay\/jan-reiter-absolventinnen-kehren-an-die-hlwest-zurueck\/","title":{"rendered":"Jan Reiter &#8211; Absolvent:innen kehren an die HLWest zur\u00fcck"},"content":{"rendered":"<p><strong>Jan Reiter, Lehrer an der Mittelschule Weer, Absolventin der HLWest mit Schwerpunkt Ern\u00e4hrung, Gesundheit, Medizin, Maturajahrgang 2014<\/strong><\/p>\n<p>F\u00fcr unsere Reihe \u201eAbsolvent:innen kehren zur\u00fcck\u201c konnten wird dieses Mal Jan Reiter gewinnen, der die 4 DHW, eine Klasse mit dem Schwerpunkt \u201eGesundheitswelten\u201c besuchte. Hier ein kurzer Bericht von Chiara Raffl, einer Sch\u00fclerin dieser Klasse:<\/p>\n<p>Am 21.06.2022 wurden wir von Jan Reiter besucht. Der ehemalige Sch\u00fcler der HLWest hat der Klasse 4DHW von seinem Leben in und nach der Schule erz\u00e4hlt. Im Jahr 2014 maturierte er, danach schlug er interessante Richtungen in seiner Karriere ein. Schon seit seinem 12. Lebensjahr ist er bei der Rettung in Zirl t\u00e4tig, seine \u00dcberlegung war es, nach der Reifepr\u00fcfung in der Notrufzentrale zu arbeiten. Was anfangs nicht sein Plan war, ist heute sein Traumberuf: Jan Reiter absolvierte das Lehramt-Studium in den F\u00e4chern Biologie und Englisch. Jetzt unterrichtet er Sport, Biologie, Englisch und Technisches Werken an der Mittelschule Weer. Dar\u00fcber hinaus ist er bei der Bergrettung in Scharnitz besch\u00e4ftigt und plant, diesen Herbst eine Ausbildung als Hubschrauberpilot anzugehen.<\/p>\n<p>Die 4DHW war begeistert von seinem Vortrag und dankt Herrn Reiter f\u00fcr sein Kommen.<\/p>\n<p><img fetchpriority=\"high\" decoding=\"async\" class=\"alignnone wp-image-714 size-large\" src=\"https:\/\/www.hlwest.at\/replay\/wp-content\/uploads\/2022\/06\/jan_reiter2-1024x768.jpg\" alt=\"Jan Reiter\" width=\"821\" height=\"616\" srcset=\"https:\/\/www.hlwest.at\/replay\/wp-content\/uploads\/2022\/06\/jan_reiter2-1024x768.jpg 1024w, https:\/\/www.hlwest.at\/replay\/wp-content\/uploads\/2022\/06\/jan_reiter2-300x225.jpg 300w, https:\/\/www.hlwest.at\/replay\/wp-content\/uploads\/2022\/06\/jan_reiter2-768x576.jpg 768w, https:\/\/www.hlwest.at\/replay\/wp-content\/uploads\/2022\/06\/jan_reiter2-1536x1152.jpg 1536w, https:\/\/www.hlwest.at\/replay\/wp-content\/uploads\/2022\/06\/jan_reiter2.jpg 1770w\" sizes=\"(max-width: 821px) 100vw, 821px\" \/><\/p>\n<p>&nbsp;<\/p>\n","protected":false},"excerpt":{"rendered":"<p>Jan Reiter, Lehrer an der Mittelschule Weer, Absolventin der HLWest mit Schwerpunkt Ern\u00e4hrung, Gesundheit, Medizin, Maturajahrgang 2014 F\u00fcr unsere Reihe \u201eAbsolvent:innen kehren zur\u00fcck\u201c konnten wird dieses Mal Jan Reiter gewinnen, der die 4 DHW, eine Klasse mit dem Schwerpunkt \u201eGesundheitswelten\u201c besuchte. Hier ein kurzer Bericht von Chiara Raffl, einer Sch\u00fclerin dieser Klasse: Am 21.06.2022 wurden<\/p>\n<p><span class=\"more-wrapper\"><a class=\"more-link button\" href=\"https:\/\/www.hlwest.at\/replay\/jan-reiter-absolventinnen-kehren-an-die-hlwest-zurueck\/\">Weiterlesen<\/a><\/span><\/p>\n","protected":false},"author":60,"featured_media":714,"comment_status":"closed","ping_status":"closed","sticky":false,"template":"","format":"standard","meta":{"footnotes":""},"categories":[8],"tags":[],"class_list":["post-713","post","type-post","status-publish","format-standard","has-post-thumbnail","hentry","category-aktuelles"],"yoast_head":"<!-- This site is optimized with the Yoast SEO plugin v25.8 - https:\/\/yoast.com\/wordpress\/plugins\/seo\/ -->\n<title>Jan Reiter - Absolvent:innen kehren an die HLWest zur\u00fcck - Replay<\/title>\n<meta name=\"robots\" content=\"index, follow, max-snippet:-1, max-image-preview:large, max-video-preview:-1\" \/>\n<link rel=\"canonical\" href=\"https:\/\/www.hlwest.at\/replay\/jan-reiter-absolventinnen-kehren-an-die-hlwest-zurueck\/\" \/>\n<meta property=\"og:locale\" content=\"de_DE\" \/>\n<meta property=\"og:type\" content=\"article\" \/>\n<meta property=\"og:title\" content=\"Jan Reiter - Absolvent:innen kehren an die HLWest zur\u00fcck - Replay\" \/>\n<meta property=\"og:description\" content=\"Jan Reiter, Lehrer an der Mittelschule Weer, Absolventin der HLWest mit Schwerpunkt Ern\u00e4hrung, Gesundheit, Medizin, Maturajahrgang 2014 F\u00fcr unsere Reihe \u201eAbsolvent:innen kehren zur\u00fcck\u201c konnten wird dieses Mal Jan Reiter gewinnen, der die 4 DHW, eine Klasse mit dem Schwerpunkt \u201eGesundheitswelten\u201c besuchte. Hier ein kurzer Bericht von Chiara Raffl, einer Sch\u00fclerin dieser Klasse: Am 21.06.2022 wurdenWeiterlesen\" \/>\n<meta property=\"og:url\" content=\"https:\/\/www.hlwest.at\/replay\/jan-reiter-absolventinnen-kehren-an-die-hlwest-zurueck\/\" \/>\n<meta property=\"og:site_name\" content=\"Replay\" \/>\n<meta property=\"article:published_time\" content=\"2022-06-29T08:05:19+00:00\" \/>\n<meta property=\"article:modified_time\" content=\"2023-10-24T14:21:17+00:00\" \/>\n<meta property=\"og:image\" content=\"https:\/\/www.hlwest.at\/replay\/wp-content\/uploads\/2022\/06\/jan_reiter2.jpg\" \/>\n\t<meta property=\"og:image:width\" content=\"1770\" \/>\n\t<meta property=\"og:image:height\" content=\"1328\" \/>\n\t<meta property=\"og:image:type\" content=\"image\/jpeg\" \/>\n<meta name=\"author\" content=\"Simone Gritsch\" \/>\n<meta name=\"twitter:card\" content=\"summary_large_image\" \/>\n<meta name=\"twitter:label1\" content=\"Verfasst von\" \/>\n\t<meta name=\"twitter:data1\" content=\"Simone Gritsch\" \/>\n\t<meta name=\"twitter:label2\" content=\"Gesch\u00e4tzte Lesezeit\" \/>\n\t<meta name=\"twitter:data2\" content=\"2\u00a0Minuten\" \/>\n<script type=\"application\/ld+json\" class=\"yoast-schema-graph\">{\"@context\":\"https:\/\/schema.org\",\"@graph\":[{\"@type\":\"Article\",\"@id\":\"https:\/\/www.hlwest.at\/replay\/jan-reiter-absolventinnen-kehren-an-die-hlwest-zurueck\/#article\",\"isPartOf\":{\"@id\":\"https:\/\/www.hlwest.at\/replay\/jan-reiter-absolventinnen-kehren-an-die-hlwest-zurueck\/\"},\"author\":{\"name\":\"Simone Gritsch\",\"@id\":\"https:\/\/www.hlwest.at\/replay\/#\/schema\/person\/b4cb12606efc2a2ddef5bc26f9974bb2\"},\"headline\":\"Jan Reiter &#8211; Absolvent:innen kehren an die HLWest zur\u00fcck\",\"datePublished\":\"2022-06-29T08:05:19+00:00\",\"dateModified\":\"2023-10-24T14:21:17+00:00\",\"mainEntityOfPage\":{\"@id\":\"https:\/\/www.hlwest.at\/replay\/jan-reiter-absolventinnen-kehren-an-die-hlwest-zurueck\/\"},\"wordCount\":204,\"publisher\":{\"@id\":\"https:\/\/www.hlwest.at\/replay\/#organization\"},\"image\":{\"@id\":\"https:\/\/www.hlwest.at\/replay\/jan-reiter-absolventinnen-kehren-an-die-hlwest-zurueck\/#primaryimage\"},\"thumbnailUrl\":\"https:\/\/www.hlwest.at\/replay\/wp-content\/uploads\/2022\/06\/jan_reiter2.jpg\",\"articleSection\":[\"Aktuelles\"],\"inLanguage\":\"de\"},{\"@type\":\"WebPage\",\"@id\":\"https:\/\/www.hlwest.at\/replay\/jan-reiter-absolventinnen-kehren-an-die-hlwest-zurueck\/\",\"url\":\"https:\/\/www.hlwest.at\/replay\/jan-reiter-absolventinnen-kehren-an-die-hlwest-zurueck\/\",\"name\":\"Jan Reiter - Absolvent:innen kehren an die HLWest zur\u00fcck - Replay\",\"isPartOf\":{\"@id\":\"https:\/\/www.hlwest.at\/replay\/#website\"},\"primaryImageOfPage\":{\"@id\":\"https:\/\/www.hlwest.at\/replay\/jan-reiter-absolventinnen-kehren-an-die-hlwest-zurueck\/#primaryimage\"},\"image\":{\"@id\":\"https:\/\/www.hlwest.at\/replay\/jan-reiter-absolventinnen-kehren-an-die-hlwest-zurueck\/#primaryimage\"},\"thumbnailUrl\":\"https:\/\/www.hlwest.at\/replay\/wp-content\/uploads\/2022\/06\/jan_reiter2.jpg\",\"datePublished\":\"2022-06-29T08:05:19+00:00\",\"dateModified\":\"2023-10-24T14:21:17+00:00\",\"breadcrumb\":{\"@id\":\"https:\/\/www.hlwest.at\/replay\/jan-reiter-absolventinnen-kehren-an-die-hlwest-zurueck\/#breadcrumb\"},\"inLanguage\":\"de\",\"potentialAction\":[{\"@type\":\"ReadAction\",\"target\":[\"https:\/\/www.hlwest.at\/replay\/jan-reiter-absolventinnen-kehren-an-die-hlwest-zurueck\/\"]}]},{\"@type\":\"ImageObject\",\"inLanguage\":\"de\",\"@id\":\"https:\/\/www.hlwest.at\/replay\/jan-reiter-absolventinnen-kehren-an-die-hlwest-zurueck\/#primaryimage\",\"url\":\"https:\/\/www.hlwest.at\/replay\/wp-content\/uploads\/2022\/06\/jan_reiter2.jpg\",\"contentUrl\":\"https:\/\/www.hlwest.at\/replay\/wp-content\/uploads\/2022\/06\/jan_reiter2.jpg\",\"width\":1770,\"height\":1328,\"caption\":\"Jan Reiter\"},{\"@type\":\"BreadcrumbList\",\"@id\":\"https:\/\/www.hlwest.at\/replay\/jan-reiter-absolventinnen-kehren-an-die-hlwest-zurueck\/#breadcrumb\",\"itemListElement\":[{\"@type\":\"ListItem\",\"position\":1,\"name\":\"Startseite\",\"item\":\"https:\/\/www.hlwest.at\/replay\/\"},{\"@type\":\"ListItem\",\"position\":2,\"name\":\"Jan Reiter &#8211; Absolvent:innen kehren an die HLWest zur\u00fcck\"}]},{\"@type\":\"WebSite\",\"@id\":\"https:\/\/www.hlwest.at\/replay\/#website\",\"url\":\"https:\/\/www.hlwest.at\/replay\/\",\"name\":\"Replay\",\"description\":\"past - today - replay\",\"publisher\":{\"@id\":\"https:\/\/www.hlwest.at\/replay\/#organization\"},\"potentialAction\":[{\"@type\":\"SearchAction\",\"target\":{\"@type\":\"EntryPoint\",\"urlTemplate\":\"https:\/\/www.hlwest.at\/replay\/?s={search_term_string}\"},\"query-input\":{\"@type\":\"PropertyValueSpecification\",\"valueRequired\":true,\"valueName\":\"search_term_string\"}}],\"inLanguage\":\"de\"},{\"@type\":\"Organization\",\"@id\":\"https:\/\/www.hlwest.at\/replay\/#organization\",\"name\":\"Replay\",\"url\":\"https:\/\/www.hlwest.at\/replay\/\",\"logo\":{\"@type\":\"ImageObject\",\"inLanguage\":\"de\",\"@id\":\"https:\/\/www.hlwest.at\/replay\/#\/schema\/logo\/image\/\",\"url\":\"https:\/\/www.hlwest.at\/replay\/wp-content\/uploads\/2019\/04\/cropped-thumbnail.png\",\"contentUrl\":\"https:\/\/www.hlwest.at\/replay\/wp-content\/uploads\/2019\/04\/cropped-thumbnail.png\",\"width\":310,\"height\":254,\"caption\":\"Replay\"},\"image\":{\"@id\":\"https:\/\/www.hlwest.at\/replay\/#\/schema\/logo\/image\/\"}},{\"@type\":\"Person\",\"@id\":\"https:\/\/www.hlwest.at\/replay\/#\/schema\/person\/b4cb12606efc2a2ddef5bc26f9974bb2\",\"name\":\"Simone Gritsch\",\"image\":{\"@type\":\"ImageObject\",\"inLanguage\":\"de\",\"@id\":\"https:\/\/www.hlwest.at\/replay\/#\/schema\/person\/image\/\",\"url\":\"https:\/\/secure.gravatar.com\/avatar\/7f261e1ab5e7316698b5e17c52de85c656d5fc826267c8b468dcaf784c38d097?s=96&d=mm&r=g\",\"contentUrl\":\"https:\/\/secure.gravatar.com\/avatar\/7f261e1ab5e7316698b5e17c52de85c656d5fc826267c8b468dcaf784c38d097?s=96&d=mm&r=g\",\"caption\":\"Simone Gritsch\"},\"url\":\"https:\/\/www.hlwest.at\/replay\/author\/gris\/\"}]}<\/script>\n<!-- \/ Yoast SEO plugin. -->","yoast_head_json":{"title":"Jan Reiter - Absolvent:innen kehren an die HLWest zur\u00fcck - Replay","robots":{"index":"index","follow":"follow","max-snippet":"max-snippet:-1","max-image-preview":"max-image-preview:large","max-video-preview":"max-video-preview:-1"},"canonical":"https:\/\/www.hlwest.at\/replay\/jan-reiter-absolventinnen-kehren-an-die-hlwest-zurueck\/","og_locale":"de_DE","og_type":"article","og_title":"Jan Reiter - Absolvent:innen kehren an die HLWest zur\u00fcck - Replay","og_description":"Jan Reiter, Lehrer an der Mittelschule Weer, Absolventin der HLWest mit Schwerpunkt Ern\u00e4hrung, Gesundheit, Medizin, Maturajahrgang 2014 F\u00fcr unsere Reihe \u201eAbsolvent:innen kehren zur\u00fcck\u201c konnten wird dieses Mal Jan Reiter gewinnen, der die 4 DHW, eine Klasse mit dem Schwerpunkt \u201eGesundheitswelten\u201c besuchte. Hier ein kurzer Bericht von Chiara Raffl, einer Sch\u00fclerin dieser Klasse: Am 21.06.2022 wurdenWeiterlesen","og_url":"https:\/\/www.hlwest.at\/replay\/jan-reiter-absolventinnen-kehren-an-die-hlwest-zurueck\/","og_site_name":"Replay","article_published_time":"2022-06-29T08:05:19+00:00","article_modified_time":"2023-10-24T14:21:17+00:00","og_image":[{"width":1770,"height":1328,"url":"https:\/\/www.hlwest.at\/replay\/wp-content\/uploads\/2022\/06\/jan_reiter2.jpg","type":"image\/jpeg"}],"author":"Simone Gritsch","twitter_card":"summary_large_image","twitter_misc":{"Verfasst von":"Simone Gritsch","Gesch\u00e4tzte Lesezeit":"2\u00a0Minuten"},"schema":{"@context":"https:\/\/schema.org","@graph":[{"@type":"Article","@id":"https:\/\/www.hlwest.at\/replay\/jan-reiter-absolventinnen-kehren-an-die-hlwest-zurueck\/#article","isPartOf":{"@id":"https:\/\/www.hlwest.at\/replay\/jan-reiter-absolventinnen-kehren-an-die-hlwest-zurueck\/"},"author":{"name":"Simone Gritsch","@id":"https:\/\/www.hlwest.at\/replay\/#\/schema\/person\/b4cb12606efc2a2ddef5bc26f9974bb2"},"headline":"Jan Reiter &#8211; Absolvent:innen kehren an die HLWest zur\u00fcck","datePublished":"2022-06-29T08:05:19+00:00","dateModified":"2023-10-24T14:21:17+00:00","mainEntityOfPage":{"@id":"https:\/\/www.hlwest.at\/replay\/jan-reiter-absolventinnen-kehren-an-die-hlwest-zurueck\/"},"wordCount":204,"publisher":{"@id":"https:\/\/www.hlwest.at\/replay\/#organization"},"image":{"@id":"https:\/\/www.hlwest.at\/replay\/jan-reiter-absolventinnen-kehren-an-die-hlwest-zurueck\/#primaryimage"},"thumbnailUrl":"https:\/\/www.hlwest.at\/replay\/wp-content\/uploads\/2022\/06\/jan_reiter2.jpg","articleSection":["Aktuelles"],"inLanguage":"de"},{"@type":"WebPage","@id":"https:\/\/www.hlwest.at\/replay\/jan-reiter-absolventinnen-kehren-an-die-hlwest-zurueck\/","url":"https:\/\/www.hlwest.at\/replay\/jan-reiter-absolventinnen-kehren-an-die-hlwest-zurueck\/","name":"Jan Reiter - Absolvent:innen kehren an die HLWest zur\u00fcck - Replay","isPartOf":{"@id":"https:\/\/www.hlwest.at\/replay\/#website"},"primaryImageOfPage":{"@id":"https:\/\/www.hlwest.at\/replay\/jan-reiter-absolventinnen-kehren-an-die-hlwest-zurueck\/#primaryimage"},"image":{"@id":"https:\/\/www.hlwest.at\/replay\/jan-reiter-absolventinnen-kehren-an-die-hlwest-zurueck\/#primaryimage"},"thumbnailUrl":"https:\/\/www.hlwest.at\/replay\/wp-content\/uploads\/2022\/06\/jan_reiter2.jpg","datePublished":"2022-06-29T08:05:19+00:00","dateModified":"2023-10-24T14:21:17+00:00","breadcrumb":{"@id":"https:\/\/www.hlwest.at\/replay\/jan-reiter-absolventinnen-kehren-an-die-hlwest-zurueck\/#breadcrumb"},"inLanguage":"de","potentialAction":[{"@type":"ReadAction","target":["https:\/\/www.hlwest.at\/replay\/jan-reiter-absolventinnen-kehren-an-die-hlwest-zurueck\/"]}]},{"@type":"ImageObject","inLanguage":"de","@id":"https:\/\/www.hlwest.at\/replay\/jan-reiter-absolventinnen-kehren-an-die-hlwest-zurueck\/#primaryimage","url":"https:\/\/www.hlwest.at\/replay\/wp-content\/uploads\/2022\/06\/jan_reiter2.jpg","contentUrl":"https:\/\/www.hlwest.at\/replay\/wp-content\/uploads\/2022\/06\/jan_reiter2.jpg","width":1770,"height":1328,"caption":"Jan Reiter"},{"@type":"BreadcrumbList","@id":"https:\/\/www.hlwest.at\/replay\/jan-reiter-absolventinnen-kehren-an-die-hlwest-zurueck\/#breadcrumb","itemListElement":[{"@type":"ListItem","position":1,"name":"Startseite","item":"https:\/\/www.hlwest.at\/replay\/"},{"@type":"ListItem","position":2,"name":"Jan Reiter &#8211; Absolvent:innen kehren an die HLWest zur\u00fcck"}]},{"@type":"WebSite","@id":"https:\/\/www.hlwest.at\/replay\/#website","url":"https:\/\/www.hlwest.at\/replay\/","name":"Replay","description":"past - today - replay","publisher":{"@id":"https:\/\/www.hlwest.at\/replay\/#organization"},"potentialAction":[{"@type":"SearchAction","target":{"@type":"EntryPoint","urlTemplate":"https:\/\/www.hlwest.at\/replay\/?s={search_term_string}"},"query-input":{"@type":"PropertyValueSpecification","valueRequired":true,"valueName":"search_term_string"}}],"inLanguage":"de"},{"@type":"Organization","@id":"https:\/\/www.hlwest.at\/replay\/#organization","name":"Replay","url":"https:\/\/www.hlwest.at\/replay\/","logo":{"@type":"ImageObject","inLanguage":"de","@id":"https:\/\/www.hlwest.at\/replay\/#\/schema\/logo\/image\/","url":"https:\/\/www.hlwest.at\/replay\/wp-content\/uploads\/2019\/04\/cropped-thumbnail.png","contentUrl":"https:\/\/www.hlwest.at\/replay\/wp-content\/uploads\/2019\/04\/cropped-thumbnail.png","width":310,"height":254,"caption":"Replay"},"image":{"@id":"https:\/\/www.hlwest.at\/replay\/#\/schema\/logo\/image\/"}},{"@type":"Person","@id":"https:\/\/www.hlwest.at\/replay\/#\/schema\/person\/b4cb12606efc2a2ddef5bc26f9974bb2","name":"Simone Gritsch","image":{"@type":"ImageObject","inLanguage":"de","@id":"https:\/\/www.hlwest.at\/replay\/#\/schema\/person\/image\/","url":"https:\/\/secure.gravatar.com\/avatar\/7f261e1ab5e7316698b5e17c52de85c656d5fc826267c8b468dcaf784c38d097?s=96&d=mm&r=g","contentUrl":"https:\/\/secure.gravatar.com\/avatar\/7f261e1ab5e7316698b5e17c52de85c656d5fc826267c8b468dcaf784c38d097?s=96&d=mm&r=g","caption":"Simone Gritsch"},"url":"https:\/\/www.hlwest.at\/replay\/author\/gris\/"}]}},"_links":{"self":[{"href":"https:\/\/www.hlwest.at\/replay\/wp-json\/wp\/v2\/posts\/713","targetHints":{"allow":["GET"]}}],"collection":[{"href":"https:\/\/www.hlwest.at\/replay\/wp-json\/wp\/v2\/posts"}],"about":[{"href":"https:\/\/www.hlwest.at\/replay\/wp-json\/wp\/v2\/types\/post"}],"author":[{"embeddable":true,"href":"https:\/\/www.hlwest.at\/replay\/wp-json\/wp\/v2\/users\/60"}],"replies":[{"embeddable":true,"href":"https:\/\/www.hlwest.at\/replay\/wp-json\/wp\/v2\/comments?post=713"}],"version-history":[{"count":2,"href":"https:\/\/www.hlwest.at\/replay\/wp-json\/wp\/v2\/posts\/713\/revisions"}],"predecessor-version":[{"id":1002,"href":"https:\/\/www.hlwest.at\/replay\/wp-json\/wp\/v2\/posts\/713\/revisions\/1002"}],"wp:featuredmedia":[{"embeddable":true,"href":"https:\/\/www.hlwest.at\/replay\/wp-json\/wp\/v2\/media\/714"}],"wp:attachment":[{"href":"https:\/\/www.hlwest.at\/replay\/wp-json\/wp\/v2\/media?parent=713"}],"wp:term":[{"taxonomy":"category","embeddable":true,"href":"https:\/\/www.hlwest.at\/replay\/wp-json\/wp\/v2\/categories?post=713"},{"taxonomy":"post_tag","embeddable":true,"href":"https:\/\/www.hlwest.at\/replay\/wp-json\/wp\/v2\/tags?post=713"}],"curies":[{"name":"wp","href":"https:\/\/api.w.org\/{rel}","templated":true}]}}