{"id":662,"date":"2022-05-16T09:41:24","date_gmt":"2022-05-16T07:41:24","guid":{"rendered":"https:\/\/www.hlwest.at\/replay\/?p=662"},"modified":"2023-10-24T16:23:03","modified_gmt":"2023-10-24T14:23:03","slug":"verena-bellony-absolventinnen-kehren-an-die-hlwest-zurueck","status":"publish","type":"post","link":"https:\/\/www.hlwest.at\/replay\/verena-bellony-absolventinnen-kehren-an-die-hlwest-zurueck\/","title":{"rendered":"Verena Bellony &#8211; Absolvent:innen kehren an die HLWest zur\u00fcck"},"content":{"rendered":"<p>Aus unserer Reihe Absolvent:innen kehren zur\u00fcck:<\/p>\n<h3><strong>Verena Bellony, Produktmanagerin im Hotel Schwarz, Absolventin der HLWest mit Schwerpunkt Sprachen, Maturajahrgang 2016<\/strong><\/h3>\n<p>Am 09.05.2022 konnten wir coronabedingt ein halbes Jahr versp\u00e4tet, endlich unsere Reihe \u201eAbsolvent:innen kehren an die HLWest zur\u00fcck\u201c starten. Den Beginn machte Verena Bellony, ehemalige Sch\u00fclerin der 5AHW 2016.<\/p>\n<p>Verena besuchte die heurige 4AHW und berichtete aus ihrer Zeit nach der HLWest. Gleich nach der Reifepr\u00fcfung begann sie am MCI in Innsbruck \u201eTourismus und Freizeitwirtschaft\u201c zu studieren, verbrachte in diesem Zusammenhang ein Auslandssemester in Madrid und fing anschlie\u00dfend im Hotel Schwarz in Mieming als Produktmanagerin zu arbeiten an.<\/p>\n<p>Das Hotel Schwarz ist schon seit langem f\u00fcr die Sch\u00fcler:innen und Lehrpersonen der HLWest ein Begriff, da viele Sch\u00fcler:innen dort ihr Praktikum absolviert, einige Absolvent:innen dort ihren Arbeitsplatz gefunden haben und die Schule selbst immer wieder mit verschiedenen Klassen Lehrausg\u00e4nge dorthin unternimmt.<\/p>\n<p>Verena erz\u00e4hlte anschaulich und mit Begeisterung von ihrer Arbeitsstelle, bei der sie als Stabsstelle der Gesch\u00e4ftsleitung f\u00fcr die Entwicklung und Implementierung neuer Produkte und Schnittstellen zwischen Gast, Gesch\u00e4ftsf\u00fchrung bzw. Mitarbeiter:innen, wie zum Beispiel der \u201eSchwarz App\u201c, dem Schwarz-Podcast oder dem SDG-Tag verantwortlich ist. Besonders am Herzen liegt nicht nur ihr, sondern auch der Gesch\u00e4ftsf\u00fchrung insgesamt Nachhaltigkeit im Tourismus, welche das Hotel Schwarz durch die Umsetzung der SDGs (Sustainable Development Goals) zu erreichen versucht.<\/p>\n<p>Dass diese Zielverfolgung nicht nur auf dem Papier steht, sondern tats\u00e4chlich umgesetzt wird, erlebt Verena gerade in ihrer jetzigen Lebenssituation. Sie macht berufsbegleitend ihren Master am MCI und wird in diesem Zusammenhang ab dem Sommer ein Auslandssemester in Mexico verbringen. Eine gute Ausbildung und M\u00f6glichkeit zur Weiterbildung ist ein Ziel der SDGs und auch ein Ziel des Hotel Schwarz, eine R\u00fcckkehr Verenas ins Hotel ist geplant.<\/p>\n<p>Verena konnte die Sch\u00fcler:innen der 4AHW mit ihrer offenen Art und durch den informativen Vortrag bzw. Austausch davon \u00fcberzeugen, dass den Absolvent:innen nach Abschluss der HLWest alle T\u00fcren offenstehen und ausgezeichnete Grundlagen sowohl f\u00fcr einen sofortigen Berufseinstieg als auch f\u00fcr eine Weiterbildung an einer h\u00f6heren Schule geschaffen wurden.<\/p>\n<p>Die 4 AHW, der Absolvent:innenverein Replay und Veronika Lindebner als Lehrerin der 4AHW danken Verena ganz herzlich f\u00fcr ihr Kommen.<\/p>\n<div class=\"su-custom-gallery su-custom-gallery-align-left su-custom-gallery-title-never su-lightbox-gallery\"><div class=\"su-custom-gallery-slide\" style=\"width:90px;height:90px\"><a href=\"https:\/\/www.hlwest.at\/replay\/wp-content\/uploads\/2022\/05\/absolventinnen_kehren_zurueck-1-1.jpg\" target=\"_blank\" title=\"Verena Bellony &#8211; Absolvent*innen kehren zur\u00fcck\"><img decoding=\"async\" src=\"https:\/\/www.hlwest.at\/replay\/wp-content\/uploads\/2022\/05\/absolventinnen_kehren_zurueck-1-1-90x90.jpg\" alt=\"Verena Bellony &#8211; Absolvent*innen kehren zur\u00fcck\" width=\"90\" height=\"90\" \/><span class=\"su-custom-gallery-title\">Verena Bellony &#8211; Absolvent*innen kehren zur\u00fcck<\/span><\/a><\/div><div class=\"su-custom-gallery-slide\" style=\"width:90px;height:90px\"><a href=\"https:\/\/www.hlwest.at\/replay\/wp-content\/uploads\/2022\/05\/absolventinnen_kehren_zurueck-3.jpg\" target=\"_blank\" title=\"Verena Bellony &#8211; Absolvent*innen kehren zur\u00fcck\"><img decoding=\"async\" src=\"https:\/\/www.hlwest.at\/replay\/wp-content\/uploads\/2022\/05\/absolventinnen_kehren_zurueck-3-90x90.jpg\" alt=\"Verena Bellony &#8211; Absolvent*innen kehren zur\u00fcck\" width=\"90\" height=\"90\" \/><span class=\"su-custom-gallery-title\">Verena Bellony &#8211; Absolvent*innen kehren zur\u00fcck<\/span><\/a><\/div><div class=\"su-custom-gallery-slide\" style=\"width:90px;height:90px\"><a href=\"https:\/\/www.hlwest.at\/replay\/wp-content\/uploads\/2022\/05\/absolventinnen_kehren_zurueck-2.jpg\" target=\"_blank\" title=\"Verena Bellony &#8211; Absolvent*innen kehren zur\u00fcck\"><img decoding=\"async\" src=\"https:\/\/www.hlwest.at\/replay\/wp-content\/uploads\/2022\/05\/absolventinnen_kehren_zurueck-2-90x90.jpg\" alt=\"Verena Bellony &#8211; Absolvent*innen kehren zur\u00fcck\" width=\"90\" height=\"90\" \/><span class=\"su-custom-gallery-title\">Verena Bellony &#8211; Absolvent*innen kehren zur\u00fcck<\/span><\/a><\/div><div class=\"su-custom-gallery-slide\" style=\"width:90px;height:90px\"><a href=\"https:\/\/www.hlwest.at\/replay\/wp-content\/uploads\/2022\/05\/absolventinnen_kehren_zurueck-4.jpg\" target=\"_blank\" title=\"Verena Bellony &#8211; Absolvent*innen kehren zur\u00fcck\"><img loading=\"lazy\" decoding=\"async\" src=\"https:\/\/www.hlwest.at\/replay\/wp-content\/uploads\/2022\/05\/absolventinnen_kehren_zurueck-4-90x90.jpg\" alt=\"Verena Bellony &#8211; Absolvent*innen kehren zur\u00fcck\" width=\"90\" height=\"90\" \/><span class=\"su-custom-gallery-title\">Verena Bellony &#8211; Absolvent*innen kehren zur\u00fcck<\/span><\/a><\/div><div class=\"su-clear\"><\/div><\/div>\n<p><em>Text und Fotos: Veronika Lindebner\u00a0<\/em><\/p>\n","protected":false},"excerpt":{"rendered":"<p>Aus unserer Reihe Absolvent:innen kehren zur\u00fcck: Verena Bellony, Produktmanagerin im Hotel Schwarz, Absolventin der HLWest mit Schwerpunkt Sprachen, Maturajahrgang 2016 Am 09.05.2022 konnten wir coronabedingt ein halbes Jahr versp\u00e4tet, endlich unsere Reihe \u201eAbsolvent:innen kehren an die HLWest zur\u00fcck\u201c starten. Den Beginn machte Verena Bellony, ehemalige Sch\u00fclerin der 5AHW 2016. Verena besuchte die heurige 4AHW und<\/p>\n<p><span class=\"more-wrapper\"><a class=\"more-link button\" href=\"https:\/\/www.hlwest.at\/replay\/verena-bellony-absolventinnen-kehren-an-die-hlwest-zurueck\/\">Weiterlesen<\/a><\/span><\/p>\n","protected":false},"author":60,"featured_media":664,"comment_status":"closed","ping_status":"closed","sticky":false,"template":"","format":"standard","meta":{"footnotes":""},"categories":[8],"tags":[],"class_list":["post-662","post","type-post","status-publish","format-standard","has-post-thumbnail","hentry","category-aktuelles"],"yoast_head":"<!-- This site is optimized with the Yoast SEO plugin v25.8 - https:\/\/yoast.com\/wordpress\/plugins\/seo\/ -->\n<title>Verena Bellony - Absolvent:innen kehren an die HLWest zur\u00fcck - Replay<\/title>\n<meta name=\"robots\" content=\"index, follow, max-snippet:-1, max-image-preview:large, max-video-preview:-1\" \/>\n<link rel=\"canonical\" href=\"https:\/\/www.hlwest.at\/replay\/verena-bellony-absolventinnen-kehren-an-die-hlwest-zurueck\/\" \/>\n<meta property=\"og:locale\" content=\"de_DE\" \/>\n<meta property=\"og:type\" content=\"article\" \/>\n<meta property=\"og:title\" content=\"Verena Bellony - Absolvent:innen kehren an die HLWest zur\u00fcck - Replay\" \/>\n<meta property=\"og:description\" content=\"Aus unserer Reihe Absolvent:innen kehren zur\u00fcck: Verena Bellony, Produktmanagerin im Hotel Schwarz, Absolventin der HLWest mit Schwerpunkt Sprachen, Maturajahrgang 2016 Am 09.05.2022 konnten wir coronabedingt ein halbes Jahr versp\u00e4tet, endlich unsere Reihe \u201eAbsolvent:innen kehren an die HLWest zur\u00fcck\u201c starten. Den Beginn machte Verena Bellony, ehemalige Sch\u00fclerin der 5AHW 2016. Verena besuchte die heurige 4AHW undWeiterlesen\" \/>\n<meta property=\"og:url\" content=\"https:\/\/www.hlwest.at\/replay\/verena-bellony-absolventinnen-kehren-an-die-hlwest-zurueck\/\" \/>\n<meta property=\"og:site_name\" content=\"Replay\" \/>\n<meta property=\"article:published_time\" content=\"2022-05-16T07:41:24+00:00\" \/>\n<meta property=\"article:modified_time\" content=\"2023-10-24T14:23:03+00:00\" \/>\n<meta property=\"og:image\" content=\"https:\/\/www.hlwest.at\/replay\/wp-content\/uploads\/2022\/05\/absolventinnen_kehren_zurueck-1.jpg\" \/>\n\t<meta property=\"og:image:width\" content=\"980\" \/>\n\t<meta property=\"og:image:height\" content=\"2016\" \/>\n\t<meta property=\"og:image:type\" content=\"image\/jpeg\" \/>\n<meta name=\"author\" content=\"Simone Gritsch\" \/>\n<meta name=\"twitter:card\" content=\"summary_large_image\" \/>\n<meta name=\"twitter:label1\" content=\"Verfasst von\" \/>\n\t<meta name=\"twitter:data1\" content=\"Simone Gritsch\" \/>\n\t<meta name=\"twitter:label2\" content=\"Gesch\u00e4tzte Lesezeit\" \/>\n\t<meta name=\"twitter:data2\" content=\"2\u00a0Minuten\" \/>\n<script type=\"application\/ld+json\" class=\"yoast-schema-graph\">{\"@context\":\"https:\/\/schema.org\",\"@graph\":[{\"@type\":\"Article\",\"@id\":\"https:\/\/www.hlwest.at\/replay\/verena-bellony-absolventinnen-kehren-an-die-hlwest-zurueck\/#article\",\"isPartOf\":{\"@id\":\"https:\/\/www.hlwest.at\/replay\/verena-bellony-absolventinnen-kehren-an-die-hlwest-zurueck\/\"},\"author\":{\"name\":\"Simone Gritsch\",\"@id\":\"https:\/\/www.hlwest.at\/replay\/#\/schema\/person\/b4cb12606efc2a2ddef5bc26f9974bb2\"},\"headline\":\"Verena Bellony &#8211; Absolvent:innen kehren an die HLWest zur\u00fcck\",\"datePublished\":\"2022-05-16T07:41:24+00:00\",\"dateModified\":\"2023-10-24T14:23:03+00:00\",\"mainEntityOfPage\":{\"@id\":\"https:\/\/www.hlwest.at\/replay\/verena-bellony-absolventinnen-kehren-an-die-hlwest-zurueck\/\"},\"wordCount\":405,\"publisher\":{\"@id\":\"https:\/\/www.hlwest.at\/replay\/#organization\"},\"image\":{\"@id\":\"https:\/\/www.hlwest.at\/replay\/verena-bellony-absolventinnen-kehren-an-die-hlwest-zurueck\/#primaryimage\"},\"thumbnailUrl\":\"https:\/\/www.hlwest.at\/replay\/wp-content\/uploads\/2022\/05\/absolventinnen_kehren_zurueck-1.jpg\",\"articleSection\":[\"Aktuelles\"],\"inLanguage\":\"de\"},{\"@type\":\"WebPage\",\"@id\":\"https:\/\/www.hlwest.at\/replay\/verena-bellony-absolventinnen-kehren-an-die-hlwest-zurueck\/\",\"url\":\"https:\/\/www.hlwest.at\/replay\/verena-bellony-absolventinnen-kehren-an-die-hlwest-zurueck\/\",\"name\":\"Verena Bellony - Absolvent:innen kehren an die HLWest zur\u00fcck - Replay\",\"isPartOf\":{\"@id\":\"https:\/\/www.hlwest.at\/replay\/#website\"},\"primaryImageOfPage\":{\"@id\":\"https:\/\/www.hlwest.at\/replay\/verena-bellony-absolventinnen-kehren-an-die-hlwest-zurueck\/#primaryimage\"},\"image\":{\"@id\":\"https:\/\/www.hlwest.at\/replay\/verena-bellony-absolventinnen-kehren-an-die-hlwest-zurueck\/#primaryimage\"},\"thumbnailUrl\":\"https:\/\/www.hlwest.at\/replay\/wp-content\/uploads\/2022\/05\/absolventinnen_kehren_zurueck-1.jpg\",\"datePublished\":\"2022-05-16T07:41:24+00:00\",\"dateModified\":\"2023-10-24T14:23:03+00:00\",\"breadcrumb\":{\"@id\":\"https:\/\/www.hlwest.at\/replay\/verena-bellony-absolventinnen-kehren-an-die-hlwest-zurueck\/#breadcrumb\"},\"inLanguage\":\"de\",\"potentialAction\":[{\"@type\":\"ReadAction\",\"target\":[\"https:\/\/www.hlwest.at\/replay\/verena-bellony-absolventinnen-kehren-an-die-hlwest-zurueck\/\"]}]},{\"@type\":\"ImageObject\",\"inLanguage\":\"de\",\"@id\":\"https:\/\/www.hlwest.at\/replay\/verena-bellony-absolventinnen-kehren-an-die-hlwest-zurueck\/#primaryimage\",\"url\":\"https:\/\/www.hlwest.at\/replay\/wp-content\/uploads\/2022\/05\/absolventinnen_kehren_zurueck-1.jpg\",\"contentUrl\":\"https:\/\/www.hlwest.at\/replay\/wp-content\/uploads\/2022\/05\/absolventinnen_kehren_zurueck-1.jpg\",\"width\":980,\"height\":2016},{\"@type\":\"BreadcrumbList\",\"@id\":\"https:\/\/www.hlwest.at\/replay\/verena-bellony-absolventinnen-kehren-an-die-hlwest-zurueck\/#breadcrumb\",\"itemListElement\":[{\"@type\":\"ListItem\",\"position\":1,\"name\":\"Startseite\",\"item\":\"https:\/\/www.hlwest.at\/replay\/\"},{\"@type\":\"ListItem\",\"position\":2,\"name\":\"Verena Bellony &#8211; Absolvent:innen kehren an die HLWest zur\u00fcck\"}]},{\"@type\":\"WebSite\",\"@id\":\"https:\/\/www.hlwest.at\/replay\/#website\",\"url\":\"https:\/\/www.hlwest.at\/replay\/\",\"name\":\"Replay\",\"description\":\"past - today - replay\",\"publisher\":{\"@id\":\"https:\/\/www.hlwest.at\/replay\/#organization\"},\"potentialAction\":[{\"@type\":\"SearchAction\",\"target\":{\"@type\":\"EntryPoint\",\"urlTemplate\":\"https:\/\/www.hlwest.at\/replay\/?s={search_term_string}\"},\"query-input\":{\"@type\":\"PropertyValueSpecification\",\"valueRequired\":true,\"valueName\":\"search_term_string\"}}],\"inLanguage\":\"de\"},{\"@type\":\"Organization\",\"@id\":\"https:\/\/www.hlwest.at\/replay\/#organization\",\"name\":\"Replay\",\"url\":\"https:\/\/www.hlwest.at\/replay\/\",\"logo\":{\"@type\":\"ImageObject\",\"inLanguage\":\"de\",\"@id\":\"https:\/\/www.hlwest.at\/replay\/#\/schema\/logo\/image\/\",\"url\":\"https:\/\/www.hlwest.at\/replay\/wp-content\/uploads\/2019\/04\/cropped-thumbnail.png\",\"contentUrl\":\"https:\/\/www.hlwest.at\/replay\/wp-content\/uploads\/2019\/04\/cropped-thumbnail.png\",\"width\":310,\"height\":254,\"caption\":\"Replay\"},\"image\":{\"@id\":\"https:\/\/www.hlwest.at\/replay\/#\/schema\/logo\/image\/\"}},{\"@type\":\"Person\",\"@id\":\"https:\/\/www.hlwest.at\/replay\/#\/schema\/person\/b4cb12606efc2a2ddef5bc26f9974bb2\",\"name\":\"Simone Gritsch\",\"image\":{\"@type\":\"ImageObject\",\"inLanguage\":\"de\",\"@id\":\"https:\/\/www.hlwest.at\/replay\/#\/schema\/person\/image\/\",\"url\":\"https:\/\/secure.gravatar.com\/avatar\/7f261e1ab5e7316698b5e17c52de85c656d5fc826267c8b468dcaf784c38d097?s=96&d=mm&r=g\",\"contentUrl\":\"https:\/\/secure.gravatar.com\/avatar\/7f261e1ab5e7316698b5e17c52de85c656d5fc826267c8b468dcaf784c38d097?s=96&d=mm&r=g\",\"caption\":\"Simone Gritsch\"},\"url\":\"https:\/\/www.hlwest.at\/replay\/author\/gris\/\"}]}<\/script>\n<!-- \/ Yoast SEO plugin. -->","yoast_head_json":{"title":"Verena Bellony - Absolvent:innen kehren an die HLWest zur\u00fcck - Replay","robots":{"index":"index","follow":"follow","max-snippet":"max-snippet:-1","max-image-preview":"max-image-preview:large","max-video-preview":"max-video-preview:-1"},"canonical":"https:\/\/www.hlwest.at\/replay\/verena-bellony-absolventinnen-kehren-an-die-hlwest-zurueck\/","og_locale":"de_DE","og_type":"article","og_title":"Verena Bellony - Absolvent:innen kehren an die HLWest zur\u00fcck - Replay","og_description":"Aus unserer Reihe Absolvent:innen kehren zur\u00fcck: Verena Bellony, Produktmanagerin im Hotel Schwarz, Absolventin der HLWest mit Schwerpunkt Sprachen, Maturajahrgang 2016 Am 09.05.2022 konnten wir coronabedingt ein halbes Jahr versp\u00e4tet, endlich unsere Reihe \u201eAbsolvent:innen kehren an die HLWest zur\u00fcck\u201c starten. Den Beginn machte Verena Bellony, ehemalige Sch\u00fclerin der 5AHW 2016. Verena besuchte die heurige 4AHW undWeiterlesen","og_url":"https:\/\/www.hlwest.at\/replay\/verena-bellony-absolventinnen-kehren-an-die-hlwest-zurueck\/","og_site_name":"Replay","article_published_time":"2022-05-16T07:41:24+00:00","article_modified_time":"2023-10-24T14:23:03+00:00","og_image":[{"width":980,"height":2016,"url":"https:\/\/www.hlwest.at\/replay\/wp-content\/uploads\/2022\/05\/absolventinnen_kehren_zurueck-1.jpg","type":"image\/jpeg"}],"author":"Simone Gritsch","twitter_card":"summary_large_image","twitter_misc":{"Verfasst von":"Simone Gritsch","Gesch\u00e4tzte Lesezeit":"2\u00a0Minuten"},"schema":{"@context":"https:\/\/schema.org","@graph":[{"@type":"Article","@id":"https:\/\/www.hlwest.at\/replay\/verena-bellony-absolventinnen-kehren-an-die-hlwest-zurueck\/#article","isPartOf":{"@id":"https:\/\/www.hlwest.at\/replay\/verena-bellony-absolventinnen-kehren-an-die-hlwest-zurueck\/"},"author":{"name":"Simone Gritsch","@id":"https:\/\/www.hlwest.at\/replay\/#\/schema\/person\/b4cb12606efc2a2ddef5bc26f9974bb2"},"headline":"Verena Bellony &#8211; Absolvent:innen kehren an die HLWest zur\u00fcck","datePublished":"2022-05-16T07:41:24+00:00","dateModified":"2023-10-24T14:23:03+00:00","mainEntityOfPage":{"@id":"https:\/\/www.hlwest.at\/replay\/verena-bellony-absolventinnen-kehren-an-die-hlwest-zurueck\/"},"wordCount":405,"publisher":{"@id":"https:\/\/www.hlwest.at\/replay\/#organization"},"image":{"@id":"https:\/\/www.hlwest.at\/replay\/verena-bellony-absolventinnen-kehren-an-die-hlwest-zurueck\/#primaryimage"},"thumbnailUrl":"https:\/\/www.hlwest.at\/replay\/wp-content\/uploads\/2022\/05\/absolventinnen_kehren_zurueck-1.jpg","articleSection":["Aktuelles"],"inLanguage":"de"},{"@type":"WebPage","@id":"https:\/\/www.hlwest.at\/replay\/verena-bellony-absolventinnen-kehren-an-die-hlwest-zurueck\/","url":"https:\/\/www.hlwest.at\/replay\/verena-bellony-absolventinnen-kehren-an-die-hlwest-zurueck\/","name":"Verena Bellony - Absolvent:innen kehren an die HLWest zur\u00fcck - Replay","isPartOf":{"@id":"https:\/\/www.hlwest.at\/replay\/#website"},"primaryImageOfPage":{"@id":"https:\/\/www.hlwest.at\/replay\/verena-bellony-absolventinnen-kehren-an-die-hlwest-zurueck\/#primaryimage"},"image":{"@id":"https:\/\/www.hlwest.at\/replay\/verena-bellony-absolventinnen-kehren-an-die-hlwest-zurueck\/#primaryimage"},"thumbnailUrl":"https:\/\/www.hlwest.at\/replay\/wp-content\/uploads\/2022\/05\/absolventinnen_kehren_zurueck-1.jpg","datePublished":"2022-05-16T07:41:24+00:00","dateModified":"2023-10-24T14:23:03+00:00","breadcrumb":{"@id":"https:\/\/www.hlwest.at\/replay\/verena-bellony-absolventinnen-kehren-an-die-hlwest-zurueck\/#breadcrumb"},"inLanguage":"de","potentialAction":[{"@type":"ReadAction","target":["https:\/\/www.hlwest.at\/replay\/verena-bellony-absolventinnen-kehren-an-die-hlwest-zurueck\/"]}]},{"@type":"ImageObject","inLanguage":"de","@id":"https:\/\/www.hlwest.at\/replay\/verena-bellony-absolventinnen-kehren-an-die-hlwest-zurueck\/#primaryimage","url":"https:\/\/www.hlwest.at\/replay\/wp-content\/uploads\/2022\/05\/absolventinnen_kehren_zurueck-1.jpg","contentUrl":"https:\/\/www.hlwest.at\/replay\/wp-content\/uploads\/2022\/05\/absolventinnen_kehren_zurueck-1.jpg","width":980,"height":2016},{"@type":"BreadcrumbList","@id":"https:\/\/www.hlwest.at\/replay\/verena-bellony-absolventinnen-kehren-an-die-hlwest-zurueck\/#breadcrumb","itemListElement":[{"@type":"ListItem","position":1,"name":"Startseite","item":"https:\/\/www.hlwest.at\/replay\/"},{"@type":"ListItem","position":2,"name":"Verena Bellony &#8211; Absolvent:innen kehren an die HLWest zur\u00fcck"}]},{"@type":"WebSite","@id":"https:\/\/www.hlwest.at\/replay\/#website","url":"https:\/\/www.hlwest.at\/replay\/","name":"Replay","description":"past - today - replay","publisher":{"@id":"https:\/\/www.hlwest.at\/replay\/#organization"},"potentialAction":[{"@type":"SearchAction","target":{"@type":"EntryPoint","urlTemplate":"https:\/\/www.hlwest.at\/replay\/?s={search_term_string}"},"query-input":{"@type":"PropertyValueSpecification","valueRequired":true,"valueName":"search_term_string"}}],"inLanguage":"de"},{"@type":"Organization","@id":"https:\/\/www.hlwest.at\/replay\/#organization","name":"Replay","url":"https:\/\/www.hlwest.at\/replay\/","logo":{"@type":"ImageObject","inLanguage":"de","@id":"https:\/\/www.hlwest.at\/replay\/#\/schema\/logo\/image\/","url":"https:\/\/www.hlwest.at\/replay\/wp-content\/uploads\/2019\/04\/cropped-thumbnail.png","contentUrl":"https:\/\/www.hlwest.at\/replay\/wp-content\/uploads\/2019\/04\/cropped-thumbnail.png","width":310,"height":254,"caption":"Replay"},"image":{"@id":"https:\/\/www.hlwest.at\/replay\/#\/schema\/logo\/image\/"}},{"@type":"Person","@id":"https:\/\/www.hlwest.at\/replay\/#\/schema\/person\/b4cb12606efc2a2ddef5bc26f9974bb2","name":"Simone Gritsch","image":{"@type":"ImageObject","inLanguage":"de","@id":"https:\/\/www.hlwest.at\/replay\/#\/schema\/person\/image\/","url":"https:\/\/secure.gravatar.com\/avatar\/7f261e1ab5e7316698b5e17c52de85c656d5fc826267c8b468dcaf784c38d097?s=96&d=mm&r=g","contentUrl":"https:\/\/secure.gravatar.com\/avatar\/7f261e1ab5e7316698b5e17c52de85c656d5fc826267c8b468dcaf784c38d097?s=96&d=mm&r=g","caption":"Simone Gritsch"},"url":"https:\/\/www.hlwest.at\/replay\/author\/gris\/"}]}},"_links":{"self":[{"href":"https:\/\/www.hlwest.at\/replay\/wp-json\/wp\/v2\/posts\/662","targetHints":{"allow":["GET"]}}],"collection":[{"href":"https:\/\/www.hlwest.at\/replay\/wp-json\/wp\/v2\/posts"}],"about":[{"href":"https:\/\/www.hlwest.at\/replay\/wp-json\/wp\/v2\/types\/post"}],"author":[{"embeddable":true,"href":"https:\/\/www.hlwest.at\/replay\/wp-json\/wp\/v2\/users\/60"}],"replies":[{"embeddable":true,"href":"https:\/\/www.hlwest.at\/replay\/wp-json\/wp\/v2\/comments?post=662"}],"version-history":[{"count":6,"href":"https:\/\/www.hlwest.at\/replay\/wp-json\/wp\/v2\/posts\/662\/revisions"}],"predecessor-version":[{"id":1004,"href":"https:\/\/www.hlwest.at\/replay\/wp-json\/wp\/v2\/posts\/662\/revisions\/1004"}],"wp:featuredmedia":[{"embeddable":true,"href":"https:\/\/www.hlwest.at\/replay\/wp-json\/wp\/v2\/media\/664"}],"wp:attachment":[{"href":"https:\/\/www.hlwest.at\/replay\/wp-json\/wp\/v2\/media?parent=662"}],"wp:term":[{"taxonomy":"category","embeddable":true,"href":"https:\/\/www.hlwest.at\/replay\/wp-json\/wp\/v2\/categories?post=662"},{"taxonomy":"post_tag","embeddable":true,"href":"https:\/\/www.hlwest.at\/replay\/wp-json\/wp\/v2\/tags?post=662"}],"curies":[{"name":"wp","href":"https:\/\/api.w.org\/{rel}","templated":true}]}}