{"id":1047,"date":"2024-02-20T16:04:08","date_gmt":"2024-02-20T15:04:08","guid":{"rendered":"https:\/\/www.hlwest.at\/replay\/?p=1047"},"modified":"2024-02-20T16:05:44","modified_gmt":"2024-02-20T15:05:44","slug":"absolventinnen-unterstuetzen-uns-am-tag-der-offenen-tuer-an-der-hlwest-2024","status":"publish","type":"post","link":"https:\/\/www.hlwest.at\/replay\/absolventinnen-unterstuetzen-uns-am-tag-der-offenen-tuer-an-der-hlwest-2024\/","title":{"rendered":"Absolvent:innen unterst\u00fctzen uns am Tag der offenen T\u00fcr an der HLWest 2024"},"content":{"rendered":"<p>Am 25. J\u00e4nner 2024 fand bei uns an der HLWest der allj\u00e4hrliche Tag der offenen T\u00fcr f\u00fcr interessierte Sch\u00fcler:innen statt.<\/p>\n<p>Unser Absolvent:innen-Verein REPLAY hat eine Station aufgebaut, an der zw\u00f6lf ehemalige Sch\u00fcler:innen Geschichten \u00fcber ihre Schulzeit und vor allem ihren beruflichen Werdegang nach der HLWest den zuk\u00fcnftigen Sch\u00fcler:innen und deren Eltern erz\u00e4hlen konnten.<\/p>\n<p>Wir m\u00f6chten uns herzlichst bei den Absolvent:innen bedanken, dass sie sich die Zeit genommen haben, ihre spannenden Geschichten mit den interessierten Zuh\u00f6rer:innen zu teilen!<\/p>\n<p><img fetchpriority=\"high\" decoding=\"async\" class=\"alignnone wp-image-1048\" src=\"https:\/\/www.hlwest.at\/replay\/wp-content\/uploads\/2024\/02\/Tag_der_offenen_Tuer-1024x768.jpeg\" alt=\"\" width=\"500\" height=\"375\" srcset=\"https:\/\/www.hlwest.at\/replay\/wp-content\/uploads\/2024\/02\/Tag_der_offenen_Tuer-1024x768.jpeg 1024w, https:\/\/www.hlwest.at\/replay\/wp-content\/uploads\/2024\/02\/Tag_der_offenen_Tuer-300x225.jpeg 300w, https:\/\/www.hlwest.at\/replay\/wp-content\/uploads\/2024\/02\/Tag_der_offenen_Tuer-768x576.jpeg 768w, https:\/\/www.hlwest.at\/replay\/wp-content\/uploads\/2024\/02\/Tag_der_offenen_Tuer-1536x1152.jpeg 1536w, https:\/\/www.hlwest.at\/replay\/wp-content\/uploads\/2024\/02\/Tag_der_offenen_Tuer-2048x1536.jpeg 2048w\" sizes=\"(max-width: 500px) 100vw, 500px\" \/>\u00a0 \u00a0<img decoding=\"async\" class=\"alignnone wp-image-1049\" src=\"https:\/\/www.hlwest.at\/replay\/wp-content\/uploads\/2024\/02\/Tag_der_offenen_Tuer2-1024x768.jpeg\" alt=\"\" width=\"500\" height=\"375\" srcset=\"https:\/\/www.hlwest.at\/replay\/wp-content\/uploads\/2024\/02\/Tag_der_offenen_Tuer2-1024x768.jpeg 1024w, https:\/\/www.hlwest.at\/replay\/wp-content\/uploads\/2024\/02\/Tag_der_offenen_Tuer2-300x225.jpeg 300w, https:\/\/www.hlwest.at\/replay\/wp-content\/uploads\/2024\/02\/Tag_der_offenen_Tuer2-768x576.jpeg 768w, https:\/\/www.hlwest.at\/replay\/wp-content\/uploads\/2024\/02\/Tag_der_offenen_Tuer2-1536x1152.jpeg 1536w, https:\/\/www.hlwest.at\/replay\/wp-content\/uploads\/2024\/02\/Tag_der_offenen_Tuer2-2048x1536.jpeg 2048w\" sizes=\"(max-width: 500px) 100vw, 500px\" \/><\/p>\n","protected":false},"excerpt":{"rendered":"<p>Am 25. J\u00e4nner 2024 fand bei uns an der HLWest der allj\u00e4hrliche Tag der offenen T\u00fcr f\u00fcr interessierte Sch\u00fcler:innen statt. Unser Absolvent:innen-Verein REPLAY hat eine Station aufgebaut, an der zw\u00f6lf ehemalige Sch\u00fcler:innen Geschichten \u00fcber ihre Schulzeit und vor allem ihren beruflichen Werdegang nach der HLWest den zuk\u00fcnftigen Sch\u00fcler:innen und deren Eltern erz\u00e4hlen konnten. Wir m\u00f6chten<\/p>\n<p><span class=\"more-wrapper\"><a class=\"more-link button\" href=\"https:\/\/www.hlwest.at\/replay\/absolventinnen-unterstuetzen-uns-am-tag-der-offenen-tuer-an-der-hlwest-2024\/\">Weiterlesen<\/a><\/span><\/p>\n","protected":false},"author":60,"featured_media":1049,"comment_status":"closed","ping_status":"closed","sticky":false,"template":"","format":"standard","meta":{"footnotes":""},"categories":[8],"tags":[],"class_list":["post-1047","post","type-post","status-publish","format-standard","has-post-thumbnail","hentry","category-aktuelles"],"yoast_head":"<!-- This site is optimized with the Yoast SEO plugin v25.8 - https:\/\/yoast.com\/wordpress\/plugins\/seo\/ -->\n<title>Absolvent:innen unterst\u00fctzen uns am Tag der offenen T\u00fcr an der HLWest 2024 - Replay<\/title>\n<meta name=\"robots\" content=\"index, follow, max-snippet:-1, max-image-preview:large, max-video-preview:-1\" \/>\n<link rel=\"canonical\" href=\"https:\/\/www.hlwest.at\/replay\/absolventinnen-unterstuetzen-uns-am-tag-der-offenen-tuer-an-der-hlwest-2024\/\" \/>\n<meta property=\"og:locale\" content=\"de_DE\" \/>\n<meta property=\"og:type\" content=\"article\" \/>\n<meta property=\"og:title\" content=\"Absolvent:innen unterst\u00fctzen uns am Tag der offenen T\u00fcr an der HLWest 2024 - Replay\" \/>\n<meta property=\"og:description\" content=\"Am 25. J\u00e4nner 2024 fand bei uns an der HLWest der allj\u00e4hrliche Tag der offenen T\u00fcr f\u00fcr interessierte Sch\u00fcler:innen statt. Unser Absolvent:innen-Verein REPLAY hat eine Station aufgebaut, an der zw\u00f6lf ehemalige Sch\u00fcler:innen Geschichten \u00fcber ihre Schulzeit und vor allem ihren beruflichen Werdegang nach der HLWest den zuk\u00fcnftigen Sch\u00fcler:innen und deren Eltern erz\u00e4hlen konnten. Wir m\u00f6chtenWeiterlesen\" \/>\n<meta property=\"og:url\" content=\"https:\/\/www.hlwest.at\/replay\/absolventinnen-unterstuetzen-uns-am-tag-der-offenen-tuer-an-der-hlwest-2024\/\" \/>\n<meta property=\"og:site_name\" content=\"Replay\" \/>\n<meta property=\"article:published_time\" content=\"2024-02-20T15:04:08+00:00\" \/>\n<meta property=\"article:modified_time\" content=\"2024-02-20T15:05:44+00:00\" \/>\n<meta property=\"og:image\" content=\"https:\/\/www.hlwest.at\/replay\/wp-content\/uploads\/2024\/02\/Tag_der_offenen_Tuer2-scaled.jpeg\" \/>\n\t<meta property=\"og:image:width\" content=\"2560\" \/>\n\t<meta property=\"og:image:height\" content=\"1920\" \/>\n\t<meta property=\"og:image:type\" content=\"image\/jpeg\" \/>\n<meta name=\"author\" content=\"Simone Gritsch\" \/>\n<meta name=\"twitter:card\" content=\"summary_large_image\" \/>\n<meta name=\"twitter:label1\" content=\"Verfasst von\" \/>\n\t<meta name=\"twitter:data1\" content=\"Simone Gritsch\" \/>\n\t<meta name=\"twitter:label2\" content=\"Gesch\u00e4tzte Lesezeit\" \/>\n\t<meta name=\"twitter:data2\" content=\"1\u00a0Minute\" \/>\n<script type=\"application\/ld+json\" class=\"yoast-schema-graph\">{\"@context\":\"https:\/\/schema.org\",\"@graph\":[{\"@type\":\"Article\",\"@id\":\"https:\/\/www.hlwest.at\/replay\/absolventinnen-unterstuetzen-uns-am-tag-der-offenen-tuer-an-der-hlwest-2024\/#article\",\"isPartOf\":{\"@id\":\"https:\/\/www.hlwest.at\/replay\/absolventinnen-unterstuetzen-uns-am-tag-der-offenen-tuer-an-der-hlwest-2024\/\"},\"author\":{\"name\":\"Simone Gritsch\",\"@id\":\"https:\/\/www.hlwest.at\/replay\/#\/schema\/person\/b4cb12606efc2a2ddef5bc26f9974bb2\"},\"headline\":\"Absolvent:innen unterst\u00fctzen uns am Tag der offenen T\u00fcr an der HLWest 2024\",\"datePublished\":\"2024-02-20T15:04:08+00:00\",\"dateModified\":\"2024-02-20T15:05:44+00:00\",\"mainEntityOfPage\":{\"@id\":\"https:\/\/www.hlwest.at\/replay\/absolventinnen-unterstuetzen-uns-am-tag-der-offenen-tuer-an-der-hlwest-2024\/\"},\"wordCount\":107,\"publisher\":{\"@id\":\"https:\/\/www.hlwest.at\/replay\/#organization\"},\"image\":{\"@id\":\"https:\/\/www.hlwest.at\/replay\/absolventinnen-unterstuetzen-uns-am-tag-der-offenen-tuer-an-der-hlwest-2024\/#primaryimage\"},\"thumbnailUrl\":\"https:\/\/www.hlwest.at\/replay\/wp-content\/uploads\/2024\/02\/Tag_der_offenen_Tuer2-scaled.jpeg\",\"articleSection\":[\"Aktuelles\"],\"inLanguage\":\"de\"},{\"@type\":\"WebPage\",\"@id\":\"https:\/\/www.hlwest.at\/replay\/absolventinnen-unterstuetzen-uns-am-tag-der-offenen-tuer-an-der-hlwest-2024\/\",\"url\":\"https:\/\/www.hlwest.at\/replay\/absolventinnen-unterstuetzen-uns-am-tag-der-offenen-tuer-an-der-hlwest-2024\/\",\"name\":\"Absolvent:innen unterst\u00fctzen uns am Tag der offenen T\u00fcr an der HLWest 2024 - Replay\",\"isPartOf\":{\"@id\":\"https:\/\/www.hlwest.at\/replay\/#website\"},\"primaryImageOfPage\":{\"@id\":\"https:\/\/www.hlwest.at\/replay\/absolventinnen-unterstuetzen-uns-am-tag-der-offenen-tuer-an-der-hlwest-2024\/#primaryimage\"},\"image\":{\"@id\":\"https:\/\/www.hlwest.at\/replay\/absolventinnen-unterstuetzen-uns-am-tag-der-offenen-tuer-an-der-hlwest-2024\/#primaryimage\"},\"thumbnailUrl\":\"https:\/\/www.hlwest.at\/replay\/wp-content\/uploads\/2024\/02\/Tag_der_offenen_Tuer2-scaled.jpeg\",\"datePublished\":\"2024-02-20T15:04:08+00:00\",\"dateModified\":\"2024-02-20T15:05:44+00:00\",\"breadcrumb\":{\"@id\":\"https:\/\/www.hlwest.at\/replay\/absolventinnen-unterstuetzen-uns-am-tag-der-offenen-tuer-an-der-hlwest-2024\/#breadcrumb\"},\"inLanguage\":\"de\",\"potentialAction\":[{\"@type\":\"ReadAction\",\"target\":[\"https:\/\/www.hlwest.at\/replay\/absolventinnen-unterstuetzen-uns-am-tag-der-offenen-tuer-an-der-hlwest-2024\/\"]}]},{\"@type\":\"ImageObject\",\"inLanguage\":\"de\",\"@id\":\"https:\/\/www.hlwest.at\/replay\/absolventinnen-unterstuetzen-uns-am-tag-der-offenen-tuer-an-der-hlwest-2024\/#primaryimage\",\"url\":\"https:\/\/www.hlwest.at\/replay\/wp-content\/uploads\/2024\/02\/Tag_der_offenen_Tuer2-scaled.jpeg\",\"contentUrl\":\"https:\/\/www.hlwest.at\/replay\/wp-content\/uploads\/2024\/02\/Tag_der_offenen_Tuer2-scaled.jpeg\",\"width\":2560,\"height\":1920},{\"@type\":\"BreadcrumbList\",\"@id\":\"https:\/\/www.hlwest.at\/replay\/absolventinnen-unterstuetzen-uns-am-tag-der-offenen-tuer-an-der-hlwest-2024\/#breadcrumb\",\"itemListElement\":[{\"@type\":\"ListItem\",\"position\":1,\"name\":\"Startseite\",\"item\":\"https:\/\/www.hlwest.at\/replay\/\"},{\"@type\":\"ListItem\",\"position\":2,\"name\":\"Absolvent:innen unterst\u00fctzen uns am Tag der offenen T\u00fcr an der HLWest 2024\"}]},{\"@type\":\"WebSite\",\"@id\":\"https:\/\/www.hlwest.at\/replay\/#website\",\"url\":\"https:\/\/www.hlwest.at\/replay\/\",\"name\":\"Replay\",\"description\":\"past - today - replay\",\"publisher\":{\"@id\":\"https:\/\/www.hlwest.at\/replay\/#organization\"},\"potentialAction\":[{\"@type\":\"SearchAction\",\"target\":{\"@type\":\"EntryPoint\",\"urlTemplate\":\"https:\/\/www.hlwest.at\/replay\/?s={search_term_string}\"},\"query-input\":{\"@type\":\"PropertyValueSpecification\",\"valueRequired\":true,\"valueName\":\"search_term_string\"}}],\"inLanguage\":\"de\"},{\"@type\":\"Organization\",\"@id\":\"https:\/\/www.hlwest.at\/replay\/#organization\",\"name\":\"Replay\",\"url\":\"https:\/\/www.hlwest.at\/replay\/\",\"logo\":{\"@type\":\"ImageObject\",\"inLanguage\":\"de\",\"@id\":\"https:\/\/www.hlwest.at\/replay\/#\/schema\/logo\/image\/\",\"url\":\"https:\/\/www.hlwest.at\/replay\/wp-content\/uploads\/2019\/04\/cropped-thumbnail.png\",\"contentUrl\":\"https:\/\/www.hlwest.at\/replay\/wp-content\/uploads\/2019\/04\/cropped-thumbnail.png\",\"width\":310,\"height\":254,\"caption\":\"Replay\"},\"image\":{\"@id\":\"https:\/\/www.hlwest.at\/replay\/#\/schema\/logo\/image\/\"}},{\"@type\":\"Person\",\"@id\":\"https:\/\/www.hlwest.at\/replay\/#\/schema\/person\/b4cb12606efc2a2ddef5bc26f9974bb2\",\"name\":\"Simone Gritsch\",\"image\":{\"@type\":\"ImageObject\",\"inLanguage\":\"de\",\"@id\":\"https:\/\/www.hlwest.at\/replay\/#\/schema\/person\/image\/\",\"url\":\"https:\/\/secure.gravatar.com\/avatar\/7f261e1ab5e7316698b5e17c52de85c656d5fc826267c8b468dcaf784c38d097?s=96&d=mm&r=g\",\"contentUrl\":\"https:\/\/secure.gravatar.com\/avatar\/7f261e1ab5e7316698b5e17c52de85c656d5fc826267c8b468dcaf784c38d097?s=96&d=mm&r=g\",\"caption\":\"Simone Gritsch\"},\"url\":\"https:\/\/www.hlwest.at\/replay\/author\/gris\/\"}]}<\/script>\n<!-- \/ Yoast SEO plugin. -->","yoast_head_json":{"title":"Absolvent:innen unterst\u00fctzen uns am Tag der offenen T\u00fcr an der HLWest 2024 - Replay","robots":{"index":"index","follow":"follow","max-snippet":"max-snippet:-1","max-image-preview":"max-image-preview:large","max-video-preview":"max-video-preview:-1"},"canonical":"https:\/\/www.hlwest.at\/replay\/absolventinnen-unterstuetzen-uns-am-tag-der-offenen-tuer-an-der-hlwest-2024\/","og_locale":"de_DE","og_type":"article","og_title":"Absolvent:innen unterst\u00fctzen uns am Tag der offenen T\u00fcr an der HLWest 2024 - Replay","og_description":"Am 25. J\u00e4nner 2024 fand bei uns an der HLWest der allj\u00e4hrliche Tag der offenen T\u00fcr f\u00fcr interessierte Sch\u00fcler:innen statt. Unser Absolvent:innen-Verein REPLAY hat eine Station aufgebaut, an der zw\u00f6lf ehemalige Sch\u00fcler:innen Geschichten \u00fcber ihre Schulzeit und vor allem ihren beruflichen Werdegang nach der HLWest den zuk\u00fcnftigen Sch\u00fcler:innen und deren Eltern erz\u00e4hlen konnten. Wir m\u00f6chtenWeiterlesen","og_url":"https:\/\/www.hlwest.at\/replay\/absolventinnen-unterstuetzen-uns-am-tag-der-offenen-tuer-an-der-hlwest-2024\/","og_site_name":"Replay","article_published_time":"2024-02-20T15:04:08+00:00","article_modified_time":"2024-02-20T15:05:44+00:00","og_image":[{"width":2560,"height":1920,"url":"https:\/\/www.hlwest.at\/replay\/wp-content\/uploads\/2024\/02\/Tag_der_offenen_Tuer2-scaled.jpeg","type":"image\/jpeg"}],"author":"Simone Gritsch","twitter_card":"summary_large_image","twitter_misc":{"Verfasst von":"Simone Gritsch","Gesch\u00e4tzte Lesezeit":"1\u00a0Minute"},"schema":{"@context":"https:\/\/schema.org","@graph":[{"@type":"Article","@id":"https:\/\/www.hlwest.at\/replay\/absolventinnen-unterstuetzen-uns-am-tag-der-offenen-tuer-an-der-hlwest-2024\/#article","isPartOf":{"@id":"https:\/\/www.hlwest.at\/replay\/absolventinnen-unterstuetzen-uns-am-tag-der-offenen-tuer-an-der-hlwest-2024\/"},"author":{"name":"Simone Gritsch","@id":"https:\/\/www.hlwest.at\/replay\/#\/schema\/person\/b4cb12606efc2a2ddef5bc26f9974bb2"},"headline":"Absolvent:innen unterst\u00fctzen uns am Tag der offenen T\u00fcr an der HLWest 2024","datePublished":"2024-02-20T15:04:08+00:00","dateModified":"2024-02-20T15:05:44+00:00","mainEntityOfPage":{"@id":"https:\/\/www.hlwest.at\/replay\/absolventinnen-unterstuetzen-uns-am-tag-der-offenen-tuer-an-der-hlwest-2024\/"},"wordCount":107,"publisher":{"@id":"https:\/\/www.hlwest.at\/replay\/#organization"},"image":{"@id":"https:\/\/www.hlwest.at\/replay\/absolventinnen-unterstuetzen-uns-am-tag-der-offenen-tuer-an-der-hlwest-2024\/#primaryimage"},"thumbnailUrl":"https:\/\/www.hlwest.at\/replay\/wp-content\/uploads\/2024\/02\/Tag_der_offenen_Tuer2-scaled.jpeg","articleSection":["Aktuelles"],"inLanguage":"de"},{"@type":"WebPage","@id":"https:\/\/www.hlwest.at\/replay\/absolventinnen-unterstuetzen-uns-am-tag-der-offenen-tuer-an-der-hlwest-2024\/","url":"https:\/\/www.hlwest.at\/replay\/absolventinnen-unterstuetzen-uns-am-tag-der-offenen-tuer-an-der-hlwest-2024\/","name":"Absolvent:innen unterst\u00fctzen uns am Tag der offenen T\u00fcr an der HLWest 2024 - Replay","isPartOf":{"@id":"https:\/\/www.hlwest.at\/replay\/#website"},"primaryImageOfPage":{"@id":"https:\/\/www.hlwest.at\/replay\/absolventinnen-unterstuetzen-uns-am-tag-der-offenen-tuer-an-der-hlwest-2024\/#primaryimage"},"image":{"@id":"https:\/\/www.hlwest.at\/replay\/absolventinnen-unterstuetzen-uns-am-tag-der-offenen-tuer-an-der-hlwest-2024\/#primaryimage"},"thumbnailUrl":"https:\/\/www.hlwest.at\/replay\/wp-content\/uploads\/2024\/02\/Tag_der_offenen_Tuer2-scaled.jpeg","datePublished":"2024-02-20T15:04:08+00:00","dateModified":"2024-02-20T15:05:44+00:00","breadcrumb":{"@id":"https:\/\/www.hlwest.at\/replay\/absolventinnen-unterstuetzen-uns-am-tag-der-offenen-tuer-an-der-hlwest-2024\/#breadcrumb"},"inLanguage":"de","potentialAction":[{"@type":"ReadAction","target":["https:\/\/www.hlwest.at\/replay\/absolventinnen-unterstuetzen-uns-am-tag-der-offenen-tuer-an-der-hlwest-2024\/"]}]},{"@type":"ImageObject","inLanguage":"de","@id":"https:\/\/www.hlwest.at\/replay\/absolventinnen-unterstuetzen-uns-am-tag-der-offenen-tuer-an-der-hlwest-2024\/#primaryimage","url":"https:\/\/www.hlwest.at\/replay\/wp-content\/uploads\/2024\/02\/Tag_der_offenen_Tuer2-scaled.jpeg","contentUrl":"https:\/\/www.hlwest.at\/replay\/wp-content\/uploads\/2024\/02\/Tag_der_offenen_Tuer2-scaled.jpeg","width":2560,"height":1920},{"@type":"BreadcrumbList","@id":"https:\/\/www.hlwest.at\/replay\/absolventinnen-unterstuetzen-uns-am-tag-der-offenen-tuer-an-der-hlwest-2024\/#breadcrumb","itemListElement":[{"@type":"ListItem","position":1,"name":"Startseite","item":"https:\/\/www.hlwest.at\/replay\/"},{"@type":"ListItem","position":2,"name":"Absolvent:innen unterst\u00fctzen uns am Tag der offenen T\u00fcr an der HLWest 2024"}]},{"@type":"WebSite","@id":"https:\/\/www.hlwest.at\/replay\/#website","url":"https:\/\/www.hlwest.at\/replay\/","name":"Replay","description":"past - today - replay","publisher":{"@id":"https:\/\/www.hlwest.at\/replay\/#organization"},"potentialAction":[{"@type":"SearchAction","target":{"@type":"EntryPoint","urlTemplate":"https:\/\/www.hlwest.at\/replay\/?s={search_term_string}"},"query-input":{"@type":"PropertyValueSpecification","valueRequired":true,"valueName":"search_term_string"}}],"inLanguage":"de"},{"@type":"Organization","@id":"https:\/\/www.hlwest.at\/replay\/#organization","name":"Replay","url":"https:\/\/www.hlwest.at\/replay\/","logo":{"@type":"ImageObject","inLanguage":"de","@id":"https:\/\/www.hlwest.at\/replay\/#\/schema\/logo\/image\/","url":"https:\/\/www.hlwest.at\/replay\/wp-content\/uploads\/2019\/04\/cropped-thumbnail.png","contentUrl":"https:\/\/www.hlwest.at\/replay\/wp-content\/uploads\/2019\/04\/cropped-thumbnail.png","width":310,"height":254,"caption":"Replay"},"image":{"@id":"https:\/\/www.hlwest.at\/replay\/#\/schema\/logo\/image\/"}},{"@type":"Person","@id":"https:\/\/www.hlwest.at\/replay\/#\/schema\/person\/b4cb12606efc2a2ddef5bc26f9974bb2","name":"Simone Gritsch","image":{"@type":"ImageObject","inLanguage":"de","@id":"https:\/\/www.hlwest.at\/replay\/#\/schema\/person\/image\/","url":"https:\/\/secure.gravatar.com\/avatar\/7f261e1ab5e7316698b5e17c52de85c656d5fc826267c8b468dcaf784c38d097?s=96&d=mm&r=g","contentUrl":"https:\/\/secure.gravatar.com\/avatar\/7f261e1ab5e7316698b5e17c52de85c656d5fc826267c8b468dcaf784c38d097?s=96&d=mm&r=g","caption":"Simone Gritsch"},"url":"https:\/\/www.hlwest.at\/replay\/author\/gris\/"}]}},"_links":{"self":[{"href":"https:\/\/www.hlwest.at\/replay\/wp-json\/wp\/v2\/posts\/1047","targetHints":{"allow":["GET"]}}],"collection":[{"href":"https:\/\/www.hlwest.at\/replay\/wp-json\/wp\/v2\/posts"}],"about":[{"href":"https:\/\/www.hlwest.at\/replay\/wp-json\/wp\/v2\/types\/post"}],"author":[{"embeddable":true,"href":"https:\/\/www.hlwest.at\/replay\/wp-json\/wp\/v2\/users\/60"}],"replies":[{"embeddable":true,"href":"https:\/\/www.hlwest.at\/replay\/wp-json\/wp\/v2\/comments?post=1047"}],"version-history":[{"count":1,"href":"https:\/\/www.hlwest.at\/replay\/wp-json\/wp\/v2\/posts\/1047\/revisions"}],"predecessor-version":[{"id":1050,"href":"https:\/\/www.hlwest.at\/replay\/wp-json\/wp\/v2\/posts\/1047\/revisions\/1050"}],"wp:featuredmedia":[{"embeddable":true,"href":"https:\/\/www.hlwest.at\/replay\/wp-json\/wp\/v2\/media\/1049"}],"wp:attachment":[{"href":"https:\/\/www.hlwest.at\/replay\/wp-json\/wp\/v2\/media?parent=1047"}],"wp:term":[{"taxonomy":"category","embeddable":true,"href":"https:\/\/www.hlwest.at\/replay\/wp-json\/wp\/v2\/categories?post=1047"},{"taxonomy":"post_tag","embeddable":true,"href":"https:\/\/www.hlwest.at\/replay\/wp-json\/wp\/v2\/tags?post=1047"}],"curies":[{"name":"wp","href":"https:\/\/api.w.org\/{rel}","templated":true}]}}