{"id":1015,"date":"2023-11-28T17:18:40","date_gmt":"2023-11-28T16:18:40","guid":{"rendered":"https:\/\/www.hlwest.at\/replay\/?p=1015"},"modified":"2023-11-28T17:22:42","modified_gmt":"2023-11-28T16:22:42","slug":"10-jaehriges-maturatreffen-an-der-hlwest","status":"publish","type":"post","link":"https:\/\/www.hlwest.at\/replay\/10-jaehriges-maturatreffen-an-der-hlwest\/","title":{"rendered":"10-j\u00e4hriges Maturatreffen an der HLWest"},"content":{"rendered":"<p>Am 17 November 2023 durfte die 3CHW das 10-j\u00e4hrige Maturatreffen des Jahrganges 2012\/2013, gemeinsam mit Frau Lindebner und Frau Gritsch, organisieren. Im Rahmen des UDM-Unterrichts gestalteten die Sch\u00fcler:innen f\u00fcr die ehemaligen Maturantinnen und den Lehrpersonen Frau Eisenstecken und Frau Mayrhuber-Obkircher eine Schulf\u00fchrung mit verschiedenen Stationen. Unter anderem pr\u00e4sentierten sie den neuen Schulgarten, den COOL-Raum, die neuen Klassenzimmer, den EDV-Raum mit neuem Equipment, die B\u00fccherei und das neu gebaute Schullabyrinth. Anschlie\u00dfend schwelgten sie in Erinnerungen in ihrem damaligen Klassenzimmer.<\/p>\n<p>Zum Ausklingen gab es noch einen Aperitif mit kleinen H\u00e4ppchen, welche die 3CHW selbst zubereitete. Nebenbei erz\u00e4hlten sich die ehemaligen Maturantinnen Geschichten ihrer gemeinsamen Schulzeit und am\u00fcsierten sich mit Frau Lindebner und Frau Gritsch \u00fcber die alten Zeiten. Bei der Verabschiedung bedankten sich die Absolventinnen mit Schokolade f\u00fcr die Sch\u00fcler:innen, mit Sekt f\u00fcr die Lehrpersonen und mit einer gro\u00dfz\u00fcgigen Spende f\u00fcr den Absolvent:innen Verein Replay. Aufgrund des gelungenen Abends k\u00f6nnen wir uns vorstellen, dies noch einmal f\u00fcr eine andere Klasse zu wiederholen.<\/p>\n<p><img fetchpriority=\"high\" decoding=\"async\" class=\"alignnone size-medium wp-image-1016\" src=\"https:\/\/www.hlwest.at\/replay\/wp-content\/uploads\/2023\/11\/10_jahre_maturatreffen-2-225x300.jpeg\" alt=\"\" width=\"225\" height=\"300\" srcset=\"https:\/\/www.hlwest.at\/replay\/wp-content\/uploads\/2023\/11\/10_jahre_maturatreffen-2-225x300.jpeg 225w, https:\/\/www.hlwest.at\/replay\/wp-content\/uploads\/2023\/11\/10_jahre_maturatreffen-2.jpeg 715w\" sizes=\"(max-width: 225px) 100vw, 225px\" \/> <img decoding=\"async\" class=\"alignnone size-medium wp-image-1017\" src=\"https:\/\/www.hlwest.at\/replay\/wp-content\/uploads\/2023\/11\/10_jahre_maturatreffen-226x300.jpeg\" alt=\"\" width=\"226\" height=\"300\" srcset=\"https:\/\/www.hlwest.at\/replay\/wp-content\/uploads\/2023\/11\/10_jahre_maturatreffen-226x300.jpeg 226w, https:\/\/www.hlwest.at\/replay\/wp-content\/uploads\/2023\/11\/10_jahre_maturatreffen.jpeg 716w\" sizes=\"(max-width: 226px) 100vw, 226px\" \/> <img decoding=\"async\" class=\"alignnone wp-image-1019\" src=\"https:\/\/www.hlwest.at\/replay\/wp-content\/uploads\/2023\/11\/Bild-20231117-162527-f1afb320-300x225.jpeg\" alt=\"\" width=\"399\" height=\"299\" srcset=\"https:\/\/www.hlwest.at\/replay\/wp-content\/uploads\/2023\/11\/Bild-20231117-162527-f1afb320-300x225.jpeg 300w, https:\/\/www.hlwest.at\/replay\/wp-content\/uploads\/2023\/11\/Bild-20231117-162527-f1afb320-1024x768.jpeg 1024w, https:\/\/www.hlwest.at\/replay\/wp-content\/uploads\/2023\/11\/Bild-20231117-162527-f1afb320-768x576.jpeg 768w, https:\/\/www.hlwest.at\/replay\/wp-content\/uploads\/2023\/11\/Bild-20231117-162527-f1afb320-1536x1152.jpeg 1536w, https:\/\/www.hlwest.at\/replay\/wp-content\/uploads\/2023\/11\/Bild-20231117-162527-f1afb320-2048x1536.jpeg 2048w\" sizes=\"(max-width: 399px) 100vw, 399px\" \/><\/p>\n<p>Text und Fotos: Sch\u00fcler:innen der 3 CHW<\/p>\n","protected":false},"excerpt":{"rendered":"<p>Am 17 November 2023 durfte die 3CHW das 10-j\u00e4hrige Maturatreffen des Jahrganges 2012\/2013, gemeinsam mit Frau Lindebner und Frau Gritsch, organisieren. Im Rahmen des UDM-Unterrichts gestalteten die Sch\u00fcler:innen f\u00fcr die ehemaligen Maturantinnen und den Lehrpersonen Frau Eisenstecken und Frau Mayrhuber-Obkircher eine Schulf\u00fchrung mit verschiedenen Stationen. Unter anderem pr\u00e4sentierten sie den neuen Schulgarten, den COOL-Raum, die<\/p>\n<p><span class=\"more-wrapper\"><a class=\"more-link button\" href=\"https:\/\/www.hlwest.at\/replay\/10-jaehriges-maturatreffen-an-der-hlwest\/\">Weiterlesen<\/a><\/span><\/p>\n","protected":false},"author":60,"featured_media":1019,"comment_status":"closed","ping_status":"closed","sticky":false,"template":"","format":"standard","meta":{"footnotes":""},"categories":[8],"tags":[],"class_list":["post-1015","post","type-post","status-publish","format-standard","has-post-thumbnail","hentry","category-aktuelles"],"yoast_head":"<!-- This site is optimized with the Yoast SEO plugin v25.8 - https:\/\/yoast.com\/wordpress\/plugins\/seo\/ -->\n<title>10-j\u00e4hriges Maturatreffen an der HLWest - Replay<\/title>\n<meta name=\"robots\" content=\"index, follow, max-snippet:-1, max-image-preview:large, max-video-preview:-1\" \/>\n<link rel=\"canonical\" href=\"https:\/\/www.hlwest.at\/replay\/10-jaehriges-maturatreffen-an-der-hlwest\/\" \/>\n<meta property=\"og:locale\" content=\"de_DE\" \/>\n<meta property=\"og:type\" content=\"article\" \/>\n<meta property=\"og:title\" content=\"10-j\u00e4hriges Maturatreffen an der HLWest - Replay\" \/>\n<meta property=\"og:description\" content=\"Am 17 November 2023 durfte die 3CHW das 10-j\u00e4hrige Maturatreffen des Jahrganges 2012\/2013, gemeinsam mit Frau Lindebner und Frau Gritsch, organisieren. Im Rahmen des UDM-Unterrichts gestalteten die Sch\u00fcler:innen f\u00fcr die ehemaligen Maturantinnen und den Lehrpersonen Frau Eisenstecken und Frau Mayrhuber-Obkircher eine Schulf\u00fchrung mit verschiedenen Stationen. Unter anderem pr\u00e4sentierten sie den neuen Schulgarten, den COOL-Raum, dieWeiterlesen\" \/>\n<meta property=\"og:url\" content=\"https:\/\/www.hlwest.at\/replay\/10-jaehriges-maturatreffen-an-der-hlwest\/\" \/>\n<meta property=\"og:site_name\" content=\"Replay\" \/>\n<meta property=\"article:published_time\" content=\"2023-11-28T16:18:40+00:00\" \/>\n<meta property=\"article:modified_time\" content=\"2023-11-28T16:22:42+00:00\" \/>\n<meta property=\"og:image\" content=\"https:\/\/www.hlwest.at\/replay\/wp-content\/uploads\/2023\/11\/Bild-20231117-162527-f1afb320-scaled.jpeg\" \/>\n\t<meta property=\"og:image:width\" content=\"2560\" \/>\n\t<meta property=\"og:image:height\" content=\"1920\" \/>\n\t<meta property=\"og:image:type\" content=\"image\/jpeg\" \/>\n<meta name=\"author\" content=\"Simone Gritsch\" \/>\n<meta name=\"twitter:card\" content=\"summary_large_image\" \/>\n<meta name=\"twitter:label1\" content=\"Verfasst von\" \/>\n\t<meta name=\"twitter:data1\" content=\"Simone Gritsch\" \/>\n\t<meta name=\"twitter:label2\" content=\"Gesch\u00e4tzte Lesezeit\" \/>\n\t<meta name=\"twitter:data2\" content=\"2\u00a0Minuten\" \/>\n<script type=\"application\/ld+json\" class=\"yoast-schema-graph\">{\"@context\":\"https:\/\/schema.org\",\"@graph\":[{\"@type\":\"Article\",\"@id\":\"https:\/\/www.hlwest.at\/replay\/10-jaehriges-maturatreffen-an-der-hlwest\/#article\",\"isPartOf\":{\"@id\":\"https:\/\/www.hlwest.at\/replay\/10-jaehriges-maturatreffen-an-der-hlwest\/\"},\"author\":{\"name\":\"Simone Gritsch\",\"@id\":\"https:\/\/www.hlwest.at\/replay\/#\/schema\/person\/b4cb12606efc2a2ddef5bc26f9974bb2\"},\"headline\":\"10-j\u00e4hriges Maturatreffen an der HLWest\",\"datePublished\":\"2023-11-28T16:18:40+00:00\",\"dateModified\":\"2023-11-28T16:22:42+00:00\",\"mainEntityOfPage\":{\"@id\":\"https:\/\/www.hlwest.at\/replay\/10-jaehriges-maturatreffen-an-der-hlwest\/\"},\"wordCount\":192,\"publisher\":{\"@id\":\"https:\/\/www.hlwest.at\/replay\/#organization\"},\"image\":{\"@id\":\"https:\/\/www.hlwest.at\/replay\/10-jaehriges-maturatreffen-an-der-hlwest\/#primaryimage\"},\"thumbnailUrl\":\"https:\/\/www.hlwest.at\/replay\/wp-content\/uploads\/2023\/11\/Bild-20231117-162527-f1afb320-scaled.jpeg\",\"articleSection\":[\"Aktuelles\"],\"inLanguage\":\"de\"},{\"@type\":\"WebPage\",\"@id\":\"https:\/\/www.hlwest.at\/replay\/10-jaehriges-maturatreffen-an-der-hlwest\/\",\"url\":\"https:\/\/www.hlwest.at\/replay\/10-jaehriges-maturatreffen-an-der-hlwest\/\",\"name\":\"10-j\u00e4hriges Maturatreffen an der HLWest - Replay\",\"isPartOf\":{\"@id\":\"https:\/\/www.hlwest.at\/replay\/#website\"},\"primaryImageOfPage\":{\"@id\":\"https:\/\/www.hlwest.at\/replay\/10-jaehriges-maturatreffen-an-der-hlwest\/#primaryimage\"},\"image\":{\"@id\":\"https:\/\/www.hlwest.at\/replay\/10-jaehriges-maturatreffen-an-der-hlwest\/#primaryimage\"},\"thumbnailUrl\":\"https:\/\/www.hlwest.at\/replay\/wp-content\/uploads\/2023\/11\/Bild-20231117-162527-f1afb320-scaled.jpeg\",\"datePublished\":\"2023-11-28T16:18:40+00:00\",\"dateModified\":\"2023-11-28T16:22:42+00:00\",\"breadcrumb\":{\"@id\":\"https:\/\/www.hlwest.at\/replay\/10-jaehriges-maturatreffen-an-der-hlwest\/#breadcrumb\"},\"inLanguage\":\"de\",\"potentialAction\":[{\"@type\":\"ReadAction\",\"target\":[\"https:\/\/www.hlwest.at\/replay\/10-jaehriges-maturatreffen-an-der-hlwest\/\"]}]},{\"@type\":\"ImageObject\",\"inLanguage\":\"de\",\"@id\":\"https:\/\/www.hlwest.at\/replay\/10-jaehriges-maturatreffen-an-der-hlwest\/#primaryimage\",\"url\":\"https:\/\/www.hlwest.at\/replay\/wp-content\/uploads\/2023\/11\/Bild-20231117-162527-f1afb320-scaled.jpeg\",\"contentUrl\":\"https:\/\/www.hlwest.at\/replay\/wp-content\/uploads\/2023\/11\/Bild-20231117-162527-f1afb320-scaled.jpeg\",\"width\":2560,\"height\":1920},{\"@type\":\"BreadcrumbList\",\"@id\":\"https:\/\/www.hlwest.at\/replay\/10-jaehriges-maturatreffen-an-der-hlwest\/#breadcrumb\",\"itemListElement\":[{\"@type\":\"ListItem\",\"position\":1,\"name\":\"Startseite\",\"item\":\"https:\/\/www.hlwest.at\/replay\/\"},{\"@type\":\"ListItem\",\"position\":2,\"name\":\"10-j\u00e4hriges Maturatreffen an der HLWest\"}]},{\"@type\":\"WebSite\",\"@id\":\"https:\/\/www.hlwest.at\/replay\/#website\",\"url\":\"https:\/\/www.hlwest.at\/replay\/\",\"name\":\"Replay\",\"description\":\"past - today - replay\",\"publisher\":{\"@id\":\"https:\/\/www.hlwest.at\/replay\/#organization\"},\"potentialAction\":[{\"@type\":\"SearchAction\",\"target\":{\"@type\":\"EntryPoint\",\"urlTemplate\":\"https:\/\/www.hlwest.at\/replay\/?s={search_term_string}\"},\"query-input\":{\"@type\":\"PropertyValueSpecification\",\"valueRequired\":true,\"valueName\":\"search_term_string\"}}],\"inLanguage\":\"de\"},{\"@type\":\"Organization\",\"@id\":\"https:\/\/www.hlwest.at\/replay\/#organization\",\"name\":\"Replay\",\"url\":\"https:\/\/www.hlwest.at\/replay\/\",\"logo\":{\"@type\":\"ImageObject\",\"inLanguage\":\"de\",\"@id\":\"https:\/\/www.hlwest.at\/replay\/#\/schema\/logo\/image\/\",\"url\":\"https:\/\/www.hlwest.at\/replay\/wp-content\/uploads\/2019\/04\/cropped-thumbnail.png\",\"contentUrl\":\"https:\/\/www.hlwest.at\/replay\/wp-content\/uploads\/2019\/04\/cropped-thumbnail.png\",\"width\":310,\"height\":254,\"caption\":\"Replay\"},\"image\":{\"@id\":\"https:\/\/www.hlwest.at\/replay\/#\/schema\/logo\/image\/\"}},{\"@type\":\"Person\",\"@id\":\"https:\/\/www.hlwest.at\/replay\/#\/schema\/person\/b4cb12606efc2a2ddef5bc26f9974bb2\",\"name\":\"Simone Gritsch\",\"image\":{\"@type\":\"ImageObject\",\"inLanguage\":\"de\",\"@id\":\"https:\/\/www.hlwest.at\/replay\/#\/schema\/person\/image\/\",\"url\":\"https:\/\/secure.gravatar.com\/avatar\/7f261e1ab5e7316698b5e17c52de85c656d5fc826267c8b468dcaf784c38d097?s=96&d=mm&r=g\",\"contentUrl\":\"https:\/\/secure.gravatar.com\/avatar\/7f261e1ab5e7316698b5e17c52de85c656d5fc826267c8b468dcaf784c38d097?s=96&d=mm&r=g\",\"caption\":\"Simone Gritsch\"},\"url\":\"https:\/\/www.hlwest.at\/replay\/author\/gris\/\"}]}<\/script>\n<!-- \/ Yoast SEO plugin. -->","yoast_head_json":{"title":"10-j\u00e4hriges Maturatreffen an der HLWest - Replay","robots":{"index":"index","follow":"follow","max-snippet":"max-snippet:-1","max-image-preview":"max-image-preview:large","max-video-preview":"max-video-preview:-1"},"canonical":"https:\/\/www.hlwest.at\/replay\/10-jaehriges-maturatreffen-an-der-hlwest\/","og_locale":"de_DE","og_type":"article","og_title":"10-j\u00e4hriges Maturatreffen an der HLWest - Replay","og_description":"Am 17 November 2023 durfte die 3CHW das 10-j\u00e4hrige Maturatreffen des Jahrganges 2012\/2013, gemeinsam mit Frau Lindebner und Frau Gritsch, organisieren. Im Rahmen des UDM-Unterrichts gestalteten die Sch\u00fcler:innen f\u00fcr die ehemaligen Maturantinnen und den Lehrpersonen Frau Eisenstecken und Frau Mayrhuber-Obkircher eine Schulf\u00fchrung mit verschiedenen Stationen. Unter anderem pr\u00e4sentierten sie den neuen Schulgarten, den COOL-Raum, dieWeiterlesen","og_url":"https:\/\/www.hlwest.at\/replay\/10-jaehriges-maturatreffen-an-der-hlwest\/","og_site_name":"Replay","article_published_time":"2023-11-28T16:18:40+00:00","article_modified_time":"2023-11-28T16:22:42+00:00","og_image":[{"width":2560,"height":1920,"url":"https:\/\/www.hlwest.at\/replay\/wp-content\/uploads\/2023\/11\/Bild-20231117-162527-f1afb320-scaled.jpeg","type":"image\/jpeg"}],"author":"Simone Gritsch","twitter_card":"summary_large_image","twitter_misc":{"Verfasst von":"Simone Gritsch","Gesch\u00e4tzte Lesezeit":"2\u00a0Minuten"},"schema":{"@context":"https:\/\/schema.org","@graph":[{"@type":"Article","@id":"https:\/\/www.hlwest.at\/replay\/10-jaehriges-maturatreffen-an-der-hlwest\/#article","isPartOf":{"@id":"https:\/\/www.hlwest.at\/replay\/10-jaehriges-maturatreffen-an-der-hlwest\/"},"author":{"name":"Simone Gritsch","@id":"https:\/\/www.hlwest.at\/replay\/#\/schema\/person\/b4cb12606efc2a2ddef5bc26f9974bb2"},"headline":"10-j\u00e4hriges Maturatreffen an der HLWest","datePublished":"2023-11-28T16:18:40+00:00","dateModified":"2023-11-28T16:22:42+00:00","mainEntityOfPage":{"@id":"https:\/\/www.hlwest.at\/replay\/10-jaehriges-maturatreffen-an-der-hlwest\/"},"wordCount":192,"publisher":{"@id":"https:\/\/www.hlwest.at\/replay\/#organization"},"image":{"@id":"https:\/\/www.hlwest.at\/replay\/10-jaehriges-maturatreffen-an-der-hlwest\/#primaryimage"},"thumbnailUrl":"https:\/\/www.hlwest.at\/replay\/wp-content\/uploads\/2023\/11\/Bild-20231117-162527-f1afb320-scaled.jpeg","articleSection":["Aktuelles"],"inLanguage":"de"},{"@type":"WebPage","@id":"https:\/\/www.hlwest.at\/replay\/10-jaehriges-maturatreffen-an-der-hlwest\/","url":"https:\/\/www.hlwest.at\/replay\/10-jaehriges-maturatreffen-an-der-hlwest\/","name":"10-j\u00e4hriges Maturatreffen an der HLWest - Replay","isPartOf":{"@id":"https:\/\/www.hlwest.at\/replay\/#website"},"primaryImageOfPage":{"@id":"https:\/\/www.hlwest.at\/replay\/10-jaehriges-maturatreffen-an-der-hlwest\/#primaryimage"},"image":{"@id":"https:\/\/www.hlwest.at\/replay\/10-jaehriges-maturatreffen-an-der-hlwest\/#primaryimage"},"thumbnailUrl":"https:\/\/www.hlwest.at\/replay\/wp-content\/uploads\/2023\/11\/Bild-20231117-162527-f1afb320-scaled.jpeg","datePublished":"2023-11-28T16:18:40+00:00","dateModified":"2023-11-28T16:22:42+00:00","breadcrumb":{"@id":"https:\/\/www.hlwest.at\/replay\/10-jaehriges-maturatreffen-an-der-hlwest\/#breadcrumb"},"inLanguage":"de","potentialAction":[{"@type":"ReadAction","target":["https:\/\/www.hlwest.at\/replay\/10-jaehriges-maturatreffen-an-der-hlwest\/"]}]},{"@type":"ImageObject","inLanguage":"de","@id":"https:\/\/www.hlwest.at\/replay\/10-jaehriges-maturatreffen-an-der-hlwest\/#primaryimage","url":"https:\/\/www.hlwest.at\/replay\/wp-content\/uploads\/2023\/11\/Bild-20231117-162527-f1afb320-scaled.jpeg","contentUrl":"https:\/\/www.hlwest.at\/replay\/wp-content\/uploads\/2023\/11\/Bild-20231117-162527-f1afb320-scaled.jpeg","width":2560,"height":1920},{"@type":"BreadcrumbList","@id":"https:\/\/www.hlwest.at\/replay\/10-jaehriges-maturatreffen-an-der-hlwest\/#breadcrumb","itemListElement":[{"@type":"ListItem","position":1,"name":"Startseite","item":"https:\/\/www.hlwest.at\/replay\/"},{"@type":"ListItem","position":2,"name":"10-j\u00e4hriges Maturatreffen an der HLWest"}]},{"@type":"WebSite","@id":"https:\/\/www.hlwest.at\/replay\/#website","url":"https:\/\/www.hlwest.at\/replay\/","name":"Replay","description":"past - today - replay","publisher":{"@id":"https:\/\/www.hlwest.at\/replay\/#organization"},"potentialAction":[{"@type":"SearchAction","target":{"@type":"EntryPoint","urlTemplate":"https:\/\/www.hlwest.at\/replay\/?s={search_term_string}"},"query-input":{"@type":"PropertyValueSpecification","valueRequired":true,"valueName":"search_term_string"}}],"inLanguage":"de"},{"@type":"Organization","@id":"https:\/\/www.hlwest.at\/replay\/#organization","name":"Replay","url":"https:\/\/www.hlwest.at\/replay\/","logo":{"@type":"ImageObject","inLanguage":"de","@id":"https:\/\/www.hlwest.at\/replay\/#\/schema\/logo\/image\/","url":"https:\/\/www.hlwest.at\/replay\/wp-content\/uploads\/2019\/04\/cropped-thumbnail.png","contentUrl":"https:\/\/www.hlwest.at\/replay\/wp-content\/uploads\/2019\/04\/cropped-thumbnail.png","width":310,"height":254,"caption":"Replay"},"image":{"@id":"https:\/\/www.hlwest.at\/replay\/#\/schema\/logo\/image\/"}},{"@type":"Person","@id":"https:\/\/www.hlwest.at\/replay\/#\/schema\/person\/b4cb12606efc2a2ddef5bc26f9974bb2","name":"Simone Gritsch","image":{"@type":"ImageObject","inLanguage":"de","@id":"https:\/\/www.hlwest.at\/replay\/#\/schema\/person\/image\/","url":"https:\/\/secure.gravatar.com\/avatar\/7f261e1ab5e7316698b5e17c52de85c656d5fc826267c8b468dcaf784c38d097?s=96&d=mm&r=g","contentUrl":"https:\/\/secure.gravatar.com\/avatar\/7f261e1ab5e7316698b5e17c52de85c656d5fc826267c8b468dcaf784c38d097?s=96&d=mm&r=g","caption":"Simone Gritsch"},"url":"https:\/\/www.hlwest.at\/replay\/author\/gris\/"}]}},"_links":{"self":[{"href":"https:\/\/www.hlwest.at\/replay\/wp-json\/wp\/v2\/posts\/1015","targetHints":{"allow":["GET"]}}],"collection":[{"href":"https:\/\/www.hlwest.at\/replay\/wp-json\/wp\/v2\/posts"}],"about":[{"href":"https:\/\/www.hlwest.at\/replay\/wp-json\/wp\/v2\/types\/post"}],"author":[{"embeddable":true,"href":"https:\/\/www.hlwest.at\/replay\/wp-json\/wp\/v2\/users\/60"}],"replies":[{"embeddable":true,"href":"https:\/\/www.hlwest.at\/replay\/wp-json\/wp\/v2\/comments?post=1015"}],"version-history":[{"count":3,"href":"https:\/\/www.hlwest.at\/replay\/wp-json\/wp\/v2\/posts\/1015\/revisions"}],"predecessor-version":[{"id":1021,"href":"https:\/\/www.hlwest.at\/replay\/wp-json\/wp\/v2\/posts\/1015\/revisions\/1021"}],"wp:featuredmedia":[{"embeddable":true,"href":"https:\/\/www.hlwest.at\/replay\/wp-json\/wp\/v2\/media\/1019"}],"wp:attachment":[{"href":"https:\/\/www.hlwest.at\/replay\/wp-json\/wp\/v2\/media?parent=1015"}],"wp:term":[{"taxonomy":"category","embeddable":true,"href":"https:\/\/www.hlwest.at\/replay\/wp-json\/wp\/v2\/categories?post=1015"},{"taxonomy":"post_tag","embeddable":true,"href":"https:\/\/www.hlwest.at\/replay\/wp-json\/wp\/v2\/tags?post=1015"}],"curies":[{"name":"wp","href":"https:\/\/api.w.org\/{rel}","templated":true}]}}